{"id":5480,"date":"2020-04-28T03:56:00","date_gmt":"2020-04-28T03:56:00","guid":{"rendered":"https:\/\/uatnew.boseprofessional.com\/?post_type=pressroom&#038;p=5480"},"modified":"2024-09-17T15:32:58","modified_gmt":"2024-09-17T15:32:58","slug":"global-education-center","status":"publish","type":"pressroom","link":"https:\/\/boseprofessional.com\/fr\/company\/newsroom\/2020\/global-education-center\/","title":{"rendered":"Bose Professional Expands GlobalEDU Center Resources"},"content":{"rendered":"\n<h2 class=\"{gcl}\">Le nouveau site propose un apprentissage personnalis\u00e9, permettant d'approfondir les connaissances et les comp\u00e9tences.<\/h2>\n\n\n\n<div class=\"{gcl}\"><\/div>\n\n\n\n<p><a href=\"\/fr\/en-us\/\" data-type=\"link\" data-id=\"https:\/\/www.boseprofessional.com\/\">Bose Professional<\/a> a r\u00e9cemment lanc\u00e9 son <a href=\"\/fr\/resources\/learning-center\/\">centre GlobalEDU<\/a> enrichi, t\u00e9moignant de l'engagement croissant de la marque en mati\u00e8re de formation pour les int\u00e9grateurs, les concepteurs de syst\u00e8mes et autres professionnels. Parmi ses fonctionnalit\u00e9s, une page d'accueil intuitive permet aux utilisateurs de t\u00e9l\u00e9charger le catalogue de cours, de personnaliser leur parcours d'apprentissage et d'approfondir leurs connaissances gr\u00e2ce \u00e0 un contenu multim\u00e9dia riche.<\/p>\n\n\n\n<p>Avec plus de 300 modules de formation, c'est l'occasion d'enrichir vos comp\u00e9tences et de renforcer votre cr\u00e9dibilit\u00e9 professionnelle gr\u00e2ce aux cr\u00e9dits de renouvellement AVIXA CTS. Les cours couvrent un large \u00e9ventail de sujets et sont propos\u00e9s selon diff\u00e9rentes modalit\u00e9s d'apprentissage, allant de l'acquisition de connaissances approfondies sur les produits et des certifications, aux tutoriels vid\u00e9o cibl\u00e9s pour une formation rapide.<\/p>\n\n\n\n<p>Pour s'adapter au style d'apprentissage de chaque personne, plusieurs m\u00e9thodes sont propos\u00e9es\u00a0:<\/p>\n\n\n\n<div><ul><li>Cours de certification \u2014 Tutoriels cibl\u00e9s dispens\u00e9s sous forme de s\u00e9rie lin\u00e9aire avec des quiz de connaissances permettant d'obtenir des r\u00e9compenses Bose Professional certificats de r\u00e9ussite et cr\u00e9dits de renouvellement AVIXA CTS<\/li><li>Cours \u00e0 la demande \u2014 Micro-tutoriels th\u00e9matiques pour un apprentissage rapide<\/li><li>Webinaires en direct et enregistr\u00e9s \u2014 Sessions th\u00e9matiques avec des experts du domaine<\/li><\/ul><\/div>\n\n\n\n<p>Bose Professional s\u2019engage aupr\u00e8s de l\u2019industrie audiovisuelle professionnelle, en soutenant diverses formations continues, que ce soit par le biais de son centre GlobalEDU, en partenariat avec AVIXA ou en tant que sponsor de <a href=\"https:\/\/www.prosoundtraining.com\/\" target=\"_blank\" rel=\"noreferrer noopener\">SynAudCon<\/a> .<\/p>\n\n\n\n<p>Pour plus d'informations, consultez le site web. Bose Professional Centre GlobalEDU sur <a href=\"\/fr\/resources\/learning-center\/\">BoseProfessional.com\/LearningCenter<\/a> .<\/p>\n\n\n\n<div class=\"{gcl}\">\n\n<p class=\"bp_mar-btm-0\">###<\/p>\n\n<\/div>\n\n\n\n<p><strong>Fichier photo 1\u00a0:<\/strong> Bose Professional Pro_GlobalEDUCenter.jpg<\/p>\n\n\n\n<p><strong>L\u00e9gende photo 1 :<\/strong> Le Bose Professional GlobalEDU Center vous accompagne dans la r\u00e9alisation de vos objectifs \u00e9ducatifs gr\u00e2ce \u00e0 des ressources disponibles dans diff\u00e9rents formats.<\/p>\n\n\n\n<div class=\"{gcl}\"><\/div>\n\n\n\n<p class=\"bp_mar-btm-0 {gcl}\"><strong><strong><strong>\u00c0 propos de Bose Professional<\/strong><\/strong><\/strong><\/p>\n\n\n\n<p class=\"{gcl}\">Fond\u00e9e sur la conviction que l'innovation commence par l'exploration, Bose Professional se consacre \u00e0 offrir le chemin le plus simple vers un son exceptionnel. L'esprit d'innovation de l'entreprise se concentre sur la cr\u00e9ation de syst\u00e8mes faciles \u00e0 concevoir, \u00e0 installer et \u00e0 utiliser pour des applications de spectacle, commerciales et de conf\u00e9rence. Ces syst\u00e8mes sont utilis\u00e9s partout dans le monde\u00a0: lieux de travail, lieux de culte, universit\u00e9s, restaurants, magasins, h\u00f4tels, salles de spectacle, et bien plus encore. Depuis plus de 50\u00a0ans, Bose Professional L'entreprise s'est associ\u00e9e \u00e0 des int\u00e9grateurs audiovisuels, des concepteurs de syst\u00e8mes, des installateurs et des consultants pour cr\u00e9er des exp\u00e9riences audio inoubliables.<\/p>\n\n\n\n<div class=\"{gcl}\"><\/div>\n\n\n\n<p class=\"{gcl}\"><strong>Contact m\u00e9dias\u00a0:<\/strong><\/p>\n\n\n\n<p class=\"{gcl}\">Bose\u00a0Professional<\/p>\n\n\n\n<p class=\"{gcl}\">508-766-4519<\/p>\n\n\n\n<div class=\"{gcl}\">\n\n<a class=\"{gcl} cc-btn {currentpageclass=static=mailto:boseprofessional@boseprofessional.com}\" href=\"mailto:boseprofessional@boseprofessional.com\" rel=\"noopener\" target=\"_blank\">boseprofessional@boseprofessional.com<\/a>\n\n\n<div class=\"{gcl}\"><\/div>\n\n\n<a class=\"button-c476016 {gcl} cc-btn {currentpageclass=static=\/en-us}\" href=\"\/fr\/en-us\/\">BoseProfessional.com<\/a>\n\n<\/div>\n","protected":false},"featured_media":20680,"template":"","format":"standard","class_list":["post-5480","pressroom","type-pressroom","status-publish","format-standard","has-post-thumbnail","hentry"],"acf":[],"_links":{"self":[{"href":"https:\/\/boseprofessional.com\/fr\/wp-json\/wp\/v2\/pressroom\/5480","targetHints":{"allow":["GET"]}}],"collection":[{"href":"https:\/\/boseprofessional.com\/fr\/wp-json\/wp\/v2\/pressroom"}],"about":[{"href":"https:\/\/boseprofessional.com\/fr\/wp-json\/wp\/v2\/types\/pressroom"}],"version-history":[{"count":1,"href":"https:\/\/boseprofessional.com\/fr\/wp-json\/wp\/v2\/pressroom\/5480\/revisions"}],"predecessor-version":[{"id":123255,"href":"https:\/\/boseprofessional.com\/fr\/wp-json\/wp\/v2\/pressroom\/5480\/revisions\/123255"}],"wp:featuredmedia":[{"embeddable":true,"href":"https:\/\/boseprofessional.com\/fr\/wp-json\/wp\/v2\/media\/20680"}],"wp:attachment":[{"href":"https:\/\/boseprofessional.com\/fr\/wp-json\/wp\/v2\/media?parent=5480"}],"curies":[{"name":"wp","href":"https:\/\/api.w.org\/{rel}","templated":true}]}}