{"id":5462,"date":"2021-12-16T13:41:00","date_gmt":"2021-12-16T13:41:00","guid":{"rendered":"https:\/\/uatnew.boseprofessional.com\/?post_type=pressroom&#038;p=5462"},"modified":"2025-02-27T16:42:24","modified_gmt":"2025-02-27T16:42:24","slug":"lc-packaging-selects-boseprofessional","status":"publish","type":"pressroom","link":"https:\/\/boseprofessional.com\/fr\/company\/newsroom\/2021\/lc-packaging-selects-boseprofessional\/","title":{"rendered":"LC Packaging Selects Bose Professional Technology to Support Vision for Global Connectivity and Collaboration"},"content":{"rendered":"\t\t<div data-elementor-type=\"wp-post\" data-elementor-id=\"5462\" class=\"elementor elementor-5462\" data-elementor-post-type=\"pressroom\">\n\t\t\t\t<div data-particle_enable=\"false\" data-particle-mobile-disabled=\"false\" class=\"elementor-element elementor-element-6e03ff3f e-flex e-con-boxed e-con e-parent\" data-id=\"6e03ff3f\" data-element_type=\"container\">\n\t\t\t\t\t<div class=\"e-con-inner\">\n\t\t\t\t<div class=\"elementor-element elementor-element-76da85f2 elementor-widget elementor-widget-text-editor\" data-id=\"76da85f2\" data-element_type=\"widget\" data-widget_type=\"text-editor.default\">\n\t\t\t\t<div class=\"elementor-widget-container\">\n\t\t\t\t\t\t\t\t\t<p><\/p>\n<h2 class=\"{gcl}\">Bose Professional Barre vid\u00e9o VB1 Offre des interactions intuitives et sans effort, tant pour le personnel que pour les clients.<\/h2>\n<p><\/p>\n<p><\/p>\n<div class=\"{gcl}\"><\/div>\n<p><\/p>\n<p><\/p>\n<p><strong>FRAMINGHAM, le 16 d\u00e9cembre 2021<\/strong> <strong>\u2014<\/strong> <a href=\"\/fr\/en-us\/\">Bose Professional<\/a> a annonc\u00e9 avoir \u00e9t\u00e9 choisie par LC Packaging pour fournir la technologie audiovisuelle n\u00e9cessaire \u00e0 la r\u00e9alisation de sa vision d'un si\u00e8ge social int\u00e9gr\u00e9 et connect\u00e9 \u00e0 l'\u00e9chelle mondiale. Pr\u00e9sente dans 16 pays avec des sites de production, des bureaux et des entrep\u00f4ts, cette entreprise presque centenaire s'est engag\u00e9e \u00e0 optimiser son efficacit\u00e9 gr\u00e2ce \u00e0 une technologie intuitive au sein de son nouveau si\u00e8ge social aux Pays-Bas.<\/p>\n<p><\/p>\n<p><\/p>\n<p>L\u2019objectif du nouveau si\u00e8ge social \u00e9tait de concevoir un espace mettant en valeur ce qui rend LC Packaging si unique, tout en offrant aux employ\u00e9s des moyens intuitifs d\u2019interagir clairement et simplement avec leurs coll\u00e8gues et clients du monde entier. <a href=\"https:\/\/www.avex-int.com\/\" target=\"_blank\" rel=\"noreferrer noopener\">AVEX<\/a> , int\u00e9grateur europ\u00e9en de premier plan, a collabor\u00e9 avec Bose Professional pour la conception et les solutions audiovisuelles flexibles, y compris Bose Professional Barre vid\u00e9o VB1 appareil de visioconf\u00e9rence USB tout-en-un, DesignMax et modulaire enceintes , et ControlSpace processeur.<\/p>\n<p><\/p>\n<p><\/p>\n<p>\u00ab Nos instructions \u00e0 AVEX \u00e9taient tr\u00e8s simples : cr\u00e9er un environnement de travail intelligent o\u00f9 les gens peuvent communiquer et coop\u00e9rer facilement et efficacement \u00bb, a d\u00e9clar\u00e9 Nick Jansen, directeur europ\u00e9en de LC Packaging.<\/p>\n<p><\/p>\n<p><\/p>\n<p>Le Bose Professional La solution int\u00e9gr\u00e9e pr\u00e9sente dans tout le si\u00e8ge social de LC Packaging comprend\u00a0: Bose Professional Barre vid\u00e9o VB1 dans les bureaux de direction, les petites salles de collaboration et les espaces de r\u00e9union de taille moyenne. DesignMax plafond enceintes sont utilis\u00e9es pour la salle de formation flexible, ainsi que pour le r\u00e9seau orientable MSA12X enceintes dans l'auditorium \u00e0 plusieurs niveaux.<\/p>\n<p><\/p>\n<p><\/p>\n<p>\u00ab\u00a0Le nouvel espace LC Packaging incarne l\u2019attachement \u00e0 leur h\u00e9ritage tout en assurant une communication fluide entre les employ\u00e9s du monde entier\u00a0\u00bb, a d\u00e9clar\u00e9 Jeroen Labots, responsable du portefeuille de produits AVEX. \u00ab\u00a0Le r\u00e9sultat de l\u2019int\u00e9gration Bose Professional Il y avait de nombreux espaces o\u00f9 la technologie \u00e9tait transparente et o\u00f9 les gens se concentraient sur la connexion et sur les sujets \u00e0 aborder. L'adoption et l'utilisation par les employ\u00e9s ont \u00e9t\u00e9 imm\u00e9diates.<\/p>\n<p><\/p>\n<p><\/p>\n<p class=\"bp_mar-btm-0\">Pour plus d'informations sur le projet LC Packaging et sa solution audio personnalis\u00e9e, veuillez consulter <a href=\"https:\/\/boseprofessional.com\/fr\/applications\/case-studies\/lc-packaging\/\" data-type=\"pressroom\" data-id=\"4635\">BoseProfessional.com\/LCpackaging<\/a> .<\/p>\n<p><\/p>\n<p><\/p>\n<div class=\"{gcl}\"><p><\/p>\n<p class=\"bp_mar-btm-0\">###<\/p>\n<p><\/p><\/div>\n<p><\/p>\n<p><\/p>\n<p><strong>Fichier photo 1\u00a0:<\/strong> BoseProfessional_LCPackaging Auditorium.jpg<\/p>\n<p><\/p>\n<p><\/p>\n<p><strong>L\u00e9gende photo 1\u00a0:<\/strong> \u00c0 l\u2019int\u00e9rieur du luxueux auditorium o\u00f9 Bose Professional La qualit\u00e9 audio est constante tout au long du processus.<\/p>\n<p><\/p>\n<p><\/p>\n<p><strong>Fichier photo 2\u00a0:<\/strong> BoseProfessional_LCPackaging VB1 Salle de conf\u00e9rence.jpg<\/p>\n<p><\/p>\n<p><\/p>\n<p><strong>L\u00e9gende photo 2\u00a0:<\/strong> Un des nombreux espaces commerciaux qui utilisent une technologie transparente, offrant une qualit\u00e9 sonore optimale.<\/p>\n<p><\/p>\n<p><\/p>\n<p><strong>Fichier photo 3\u00a0:<\/strong> BoseProfessional_LCPackaging HQ.jpg<\/p>\n<p><\/p>\n<p><\/p>\n<p><strong>L\u00e9gende photo 3\u00a0:<\/strong> Bose Professional Barre vid\u00e9o VB1 Permet une collaboration sans effort pour une productivit\u00e9 \u00e9lev\u00e9e chez LC Packaging.<\/p>\n<p><\/p>\n<p><\/p>\n<div class=\"{gcl}\"><\/div>\n<p><\/p>\n<p><\/p>\n<p class=\"bp_mar-btm-0 {gcl}\"><strong><strong>\u00c0 propos de Bose Professional<\/strong><\/strong><\/p>\n<p><\/p>\n<p><\/p>\n<p class=\"{gcl}\">Fond\u00e9e sur la conviction que l'innovation commence par l'exploration, Bose Professional se consacre \u00e0 offrir le chemin le plus simple vers un son exceptionnel. L'esprit d'innovation de l'entreprise se concentre sur la cr\u00e9ation de syst\u00e8mes faciles \u00e0 concevoir, \u00e0 installer et \u00e0 utiliser pour des applications de spectacle, commerciales et de conf\u00e9rence. Ces syst\u00e8mes sont utilis\u00e9s partout dans le monde\u00a0: lieux de travail, lieux de culte, universit\u00e9s, restaurants, magasins, h\u00f4tels, salles de spectacle, et bien plus encore. Depuis plus de 50\u00a0ans, Bose Professional L'entreprise s'est associ\u00e9e \u00e0 des int\u00e9grateurs audiovisuels, des concepteurs de syst\u00e8mes, des installateurs et des consultants pour cr\u00e9er des exp\u00e9riences audio inoubliables.<\/p>\n<p><\/p>\n<p><\/p>\n<div class=\"{gcl}\"><\/div>\n<p><\/p>\n<p><\/p>\n<p class=\"{gcl}\"><strong>Contact presse Bose\u00a0:<\/strong><\/p>\n<p><\/p>\n<p><\/p>\n<p class=\"{gcl}\">Bose\u00a0Professional<\/p>\n<p><\/p>\n<p><\/p>\n<p class=\"{gcl}\">508-766-4519<\/p>\n<p><\/p>\n<p><\/p>\n<div class=\"{gcl}\"><br>\n<a class=\"{gcl} cc-btn {currentpageclass=static=mailto:boseprofessional@boseprofessional.com}\" href=\"mailto:boseprofessional@boseprofessional.com\">BoseProfessional@boseprofessional.com<\/a><br>\n<p><\/p>\n<p><\/p>\n<div class=\"{gcl}\"><\/div>\n<p><\/p>\n<p><br>\n<a class=\"button-c476016 {gcl} cc-btn {currentpageclass=static=\/en-us}\" href=\"\/fr\/en-us\/\">BoseProfessional.com<\/a><br>\n<\/p><\/div>\n<p><\/p>\t\t\t\t\t\t\t\t<\/div>\n\t\t\t\t<\/div>\n\t\t\t\t\t<\/div>\n\t\t\t\t<\/div>\n\t\t\t\t<\/div>\n\t\t","protected":false},"featured_media":82669,"template":"","format":"standard","class_list":["post-5462","pressroom","type-pressroom","status-publish","format-standard","has-post-thumbnail","hentry"],"acf":[],"_links":{"self":[{"href":"https:\/\/boseprofessional.com\/fr\/wp-json\/wp\/v2\/pressroom\/5462","targetHints":{"allow":["GET"]}}],"collection":[{"href":"https:\/\/boseprofessional.com\/fr\/wp-json\/wp\/v2\/pressroom"}],"about":[{"href":"https:\/\/boseprofessional.com\/fr\/wp-json\/wp\/v2\/types\/pressroom"}],"version-history":[{"count":3,"href":"https:\/\/boseprofessional.com\/fr\/wp-json\/wp\/v2\/pressroom\/5462\/revisions"}],"predecessor-version":[{"id":150715,"href":"https:\/\/boseprofessional.com\/fr\/wp-json\/wp\/v2\/pressroom\/5462\/revisions\/150715"}],"wp:featuredmedia":[{"embeddable":true,"href":"https:\/\/boseprofessional.com\/fr\/wp-json\/wp\/v2\/media\/82669"}],"wp:attachment":[{"href":"https:\/\/boseprofessional.com\/fr\/wp-json\/wp\/v2\/media?parent=5462"}],"curies":[{"name":"wp","href":"https:\/\/api.w.org\/{rel}","templated":true}]}}