{"id":163678,"date":"2025-06-10T21:05:20","date_gmt":"2025-06-10T21:05:20","guid":{"rendered":"https:\/\/boseprofessional.com\/?post_type=pressroom&#038;p=163678"},"modified":"2025-06-20T14:39:00","modified_gmt":"2025-06-20T14:39:00","slug":"infocomm-2025-press-release","status":"publish","type":"pressroom","link":"https:\/\/boseprofessional.com\/fr\/company\/newsroom\/2025\/infocomm-2025-press-release\/","title":{"rendered":"Bose Professional Celebrates Independence and Innovation at InfoComm 2025"},"content":{"rendered":"\t\t<div data-elementor-type=\"wp-post\" data-elementor-id=\"163678\" class=\"elementor elementor-163678\" data-elementor-post-type=\"pressroom\">\n\t\t\t\t<div data-particle_enable=\"false\" data-particle-mobile-disabled=\"false\" class=\"elementor-element elementor-element-3a65e3b9 e-flex e-con-boxed e-con e-parent\" data-id=\"3a65e3b9\" data-element_type=\"container\">\n\t\t\t\t\t<div class=\"e-con-inner\">\n\t\t\t\t<div class=\"elementor-element elementor-element-67fbf26d elementor-widget elementor-widget-text-editor\" data-id=\"67fbf26d\" data-element_type=\"widget\" data-widget_type=\"text-editor.default\">\n\t\t\t\t<div class=\"elementor-widget-container\">\n\t\t\t\t\t\t\t\t\t<p><\/p>\n<p><strong>HOPKINTON, Massachusetts \u2013 11 juin 2025<\/strong> \u2013 <a href=\"https:\/\/boseprofessional.com\/fr\/?utm_campaign=infocomm_2025&amp;utm_medium=owned_pr&amp;utm_source=press_release&amp;utm_term=awareness&amp;utm_content=fy26_press_releases&amp;utm_geography=global&amp;utm_product=multiple_products\">Bose Professional<\/a> , concepteur de solutions audio d'exception destin\u00e9es \u00e0 transformer tous les espaces, c\u00e9l\u00e9brera son deuxi\u00e8me anniversaire en tant qu'entreprise ind\u00e9pendante lors de son retour \u00e0 <a href=\"https:\/\/www.infocommshow.org\/\" target=\"_blank\" rel=\"noopener\">InfoComm 2025,<\/a> le plus grand salon professionnel de l'audiovisuel en Am\u00e9rique du Nord. L'entreprise pr\u00e9sentera ses solutions mat\u00e9rielles et logicielles les plus vendues et d\u00e9voilera en avant-premi\u00e8re ses nouveaut\u00e9s sur le stand 6361, dans le hall audio du Centre de conventions d'Orange County \u00e0 Orlando, en Floride, du 11 au 13 juin 2025.<\/p>\n<p>Parmi les nouvelles solutions pr\u00e9sent\u00e9es au salon figure la gamme prim\u00e9e de m\u00e9langeurs intelligents <a href=\"https:\/\/boseprofessional.com\/fr\/solutions\/veritas-smart-mixer-amplifier-series\/?utm_campaign=infocomm_2025&amp;utm_medium=owned_pr&amp;utm_source=press_release&amp;utm_term=awareness&amp;utm_content=fy26_press_releases&amp;utm_geography=global&amp;utm_product=multiple_products\">Veritas<\/a> amplificateurs et le Forum s\u00e9rie de spectacles enceintes . Veritas R\u00e9compens\u00e9e r\u00e9cemment par les prix <a href=\"https:\/\/www.ravepubs.com\/ise-2025-best-innovations-award-winners\/\" target=\"_blank\" rel=\"noopener\">du Meilleur Nouveau Produit Audio<\/a> et <a href=\"https:\/\/www.avnetwork.com\/news\/winners-announced-for-best-of-show-at-integrated-systems-europe-2025-for-av-technology\" target=\"_blank\" rel=\"noopener\">du Meilleur Produit du Salon<\/a> \u00e0 <a href=\"https:\/\/www.iseurope.org\/\" target=\"_blank\" rel=\"noopener\">l'ISE 2025<\/a> , la nouvelle s\u00e9rie <a href=\"https:\/\/boseprofessional.com\/fr\/solutions\/forum-full-range-point-source-coaxial-loudspeaker\/?utm_campaign=infocomm_2025&amp;utm_medium=owned_pr&amp;utm_source=press_release&amp;utm_term=awareness&amp;utm_content=fy26_press_releases&amp;utm_geography=global&amp;utm_product=multiple_products\">Forum<\/a> offre une clart\u00e9 exceptionnelle et une utilisation intuitive pour la musique d'ambiance, la sonorisation et les applications multim\u00e9dias. Elle surpasse toutes les attentes en proposant une fid\u00e9lit\u00e9 et une puissance sonore \u00e9tonnamment \u00e9lev\u00e9es dans un format compact et facile \u00e0 installer, pour des performances rarement \u00e9gal\u00e9es \u00e0 ce niveau de prix.<\/p>\n<p>Les visiteurs de Bose Professional Le stand de [Nom de la marque] permettra \u00e9galement de d\u00e9couvrir en avant-premi\u00e8re la suspension <a href=\"https:\/\/boseprofessional.com\/fr\/infocomm\/?utm_campaign=infocomm_2025&amp;utm_medium=owned_pr&amp;utm_source=press_release&amp;utm_term=awareness&amp;utm_content=fy26_press_releases&amp;utm_geography=global&amp;utm_product=multiple_products\">DesignMax Luna DML88P<\/a> \u00e0 port\u00e9e \u00e9tendue. enceinte Un syst\u00e8me, dont la sortie est pr\u00e9vue plus tard cette ann\u00e9e, a \u00e9t\u00e9 con\u00e7u pour offrir un son profond et clair jusqu'\u00e0 40 Hz avec une couverture \u00e9quilibr\u00e9e \u00e0 360\u00b0, m\u00eame dans les environnements acoustiquement difficiles \u00e0 plafond ouvert. Id\u00e9al pour les magasins, les restaurants, les brasseries et les clubs de fitness. Luna Elle associe une esth\u00e9tique \u00e9l\u00e9gante \u00e0 un syst\u00e8me exclusif de huit haut-parleurs de 2 pouces et \u00e0 un woofer int\u00e9gr\u00e9 de 8 pouces, r\u00e9duisant ainsi le nombre de haut-parleurs tout en am\u00e9liorant la couverture et la clart\u00e9.<\/p>\n<p>Bose Professional pr\u00e9sentera \u00e9galement les derni\u00e8res nouveaut\u00e9s concernant l' <a href=\"https:\/\/boseprofessional.com\/fr\/solutions\/edgemax-proprietary-directional-loudspeakers\/?utm_campaign=infocomm_2025&amp;utm_medium=owned_pr&amp;utm_source=press_release&amp;utm_term=awareness&amp;utm_content=fy26_press_releases&amp;utm_geography=global&amp;utm_product=multiple_products\">EdgeMax<\/a> et <a href=\"https:\/\/boseprofessional.com\/fr\/solutions\/amu-multi-use-loudspeaker-series\/?utm_campaign=infocomm_2025&amp;utm_medium=owned_pr&amp;utm_source=press_release&amp;utm_term=awareness&amp;utm_content=fy26_press_releases&amp;utm_geography=global&amp;utm_product=multiple_products\">AMU<\/a> enceinte familles, mises \u00e0 jour logicielles pour <a href=\"https:\/\/boseprofessional.com\/fr\/solutions\/powersharex-smart-power-amplifiers\/?utm_campaign=infocomm_2025&amp;utm_medium=owned_pr&amp;utm_source=press_release&amp;utm_term=awareness&amp;utm_content=fy26_press_releases&amp;utm_geography=global&amp;utm_product=multiple_products\">PowerShareX<\/a> amplificateurs et l' <a href=\"https:\/\/boseprofessional.com\/fr\/solutions\/controlspace-ecosystem\/?utm_campaign=infocomm_2025&amp;utm_medium=owned_pr&amp;utm_source=press_release&amp;utm_term=awareness&amp;utm_content=fy26_press_releases&amp;utm_geography=global&amp;utm_product=multiple_products\">\u00e9cosyst\u00e8me ControlSpace<\/a> \u2014 y compris la <a href=\"https:\/\/boseprofessional.com\/fr\/products\/software\/system-design-control\/controlspace-cloud\/?utm_campaign=infocomm_2025&amp;utm_medium=owned_pr&amp;utm_source=press_release&amp;utm_term=awareness&amp;utm_content=fy26_press_releases&amp;utm_geography=global&amp;utm_product=multiple_products\">plateforme ControlSpace Cloud<\/a> \u2014 ainsi que les mod\u00e8les les plus vendus de DesignMax , FreeSpace Les familles S1 et F1 de <a href=\"https:\/\/boseprofessional.com\/fr\/product-category\/loudspeakers\/pendant-mount\/?utm_campaign=infocomm_2025&amp;utm_medium=owned_pr&amp;utm_source=press_release&amp;utm_term=awareness&amp;utm_content=fy26_press_releases&amp;utm_geography=global&amp;utm_product=multiple_products\">luminaires suspendus<\/a> , <a href=\"https:\/\/boseprofessional.com\/fr\/product-category\/loudspeakers\/surface-mount\/?utm_campaign=infocomm_2025&amp;utm_medium=owned_pr&amp;utm_source=press_release&amp;utm_term=awareness&amp;utm_content=fy26_press_releases&amp;utm_geography=global&amp;utm_product=multiple_products\">en saillie<\/a> , <a href=\"https:\/\/boseprofessional.com\/fr\/product-category\/loudspeakers\/ceiling-mount\/?utm_campaign=infocomm_2025&amp;utm_medium=owned_pr&amp;utm_source=press_release&amp;utm_term=awareness&amp;utm_content=fy26_press_releases&amp;utm_geography=global&amp;utm_product=multiple_products\">encastrables<\/a> et <a href=\"https:\/\/boseprofessional.com\/fr\/product-category\/portable-pa\/?utm_campaign=infocomm_2025&amp;utm_medium=owned_pr&amp;utm_source=press_release&amp;utm_term=awareness&amp;utm_content=fy26_press_releases&amp;utm_geography=global&amp;utm_product=multiple_products\">portables<\/a> enceintes .<\/p>\n<p>\u00ab Alors que nous continuons \u00e0 tracer notre voie en tant qu'entreprise ind\u00e9pendante, notre pr\u00e9sence \u00e0 InfoComm marque une \u00e9tape importante pour Bose Professional \u00ab\u00a0Une soci\u00e9t\u00e9 caract\u00e9ris\u00e9e par l\u2019innovation, le dynamisme et une collaboration renforc\u00e9e\u00a0\u00bb, a d\u00e9clar\u00e9 Jim Schanz, vice-pr\u00e9sident des ventes pour les Am\u00e9riques. \u00ab\u00a0La gamme de nouveaux produits prim\u00e9s que nous pr\u00e9sentons en avant-premi\u00e8re est passionnante et diversifi\u00e9e, et a \u00e9t\u00e9 con\u00e7ue pour r\u00e9soudre les probl\u00e8mes les plus courants rencontr\u00e9s par nos clients. Ce sont des \u00e9changes comme ceux que nous avons lors de\u2026\u00a0\u00bb InfoComm qui favorisent ce niveau de collaboration et de partenariat autour des produits. En tant qu'entreprise ind\u00e9pendante, nous connaissons une croissance rapide et nous nous engageons \u00e0 cro\u00eetre de mani\u00e8re responsable\u00a0: en \u00e9tant \u00e0 l'\u00e9coute, en r\u00e9solvant les probl\u00e8mes et en b\u00e2tissant des relations durables.<\/p>\n<p>Forum , EdgeMax et le nouveau DesignMax Luna enceintes -aliment\u00e9 par Veritas et PowerShareX amplificateurs \u2014sera pr\u00e9sent\u00e9 lors de d\u00e9monstrations programm\u00e9es tout au long du salon dans la salle de d\u00e9monstration W224D, \u00e0 quelques pas de Bose Professional Le stand de [nom de l'entreprise] dans le hall audio. Le jeudi 12 juin, Bose Professional organisera \u00e9galement deux sessions de formation d'une heure\u00a0: \u00ab\u00a0Concevoir pour impressionner\u00a0\u00bb \u00e0 11\u00a0h et \u00ab\u00a0Cr\u00e9er des programmes de formation modulaires pour des publics divers\u00a0\u00bb \u00e0 12\u00a0h. Les participants peuvent S'INSCRIRE pour les s\u00e9ances au stand.<\/p>\n<p>Pour plus d'informations sur Bose Professional Pour d\u00e9couvrir nos produits, rendez-vous sur <a href=\"https:\/\/boseprofessional.com\/fr\/?utm_campaign=infocomm_2025&amp;utm_medium=owned_pr&amp;utm_source=press_release&amp;utm_term=awareness&amp;utm_content=fy26_press_releases&amp;utm_geography=global&amp;utm_product=multiple_products\">BoseProfessional.com<\/a> .<\/p>\n<p><span data-ccp-props=\"{&quot;134233117&quot;:false,&quot;134233118&quot;:false,&quot;201341983&quot;:0,&quot;335551550&quot;:1,&quot;335551620&quot;:1,&quot;335559685&quot;:0,&quot;335559737&quot;:0,&quot;335559738&quot;:0,&quot;335559739&quot;:0,&quot;335559740&quot;:279}\">\u00a0<\/span><\/p>\n<p><\/p>\n<p class=\"has-small-font-size\"><strong>Contact presse :<\/strong> <br \/>Bose Professional<br \/> <a href=\"mailto:BoseProfessional@boseprofessional.com\">BoseProfessional@boseprofessional.com<br \/><\/a> <a href=\"https:\/\/www.boseprofessional.com\">BoseProfessional.com<\/a><\/p>\n<p><\/p>\t\t\t\t\t\t\t\t<\/div>\n\t\t\t\t<\/div>\n\t\t\t\t\t<\/div>\n\t\t\t\t<\/div>\n\t\t\t\t<\/div>\n\t\t","protected":false},"featured_media":163680,"template":"","format":"standard","class_list":["post-163678","pressroom","type-pressroom","status-publish","format-standard","has-post-thumbnail","hentry"],"acf":[],"_links":{"self":[{"href":"https:\/\/boseprofessional.com\/fr\/wp-json\/wp\/v2\/pressroom\/163678","targetHints":{"allow":["GET"]}}],"collection":[{"href":"https:\/\/boseprofessional.com\/fr\/wp-json\/wp\/v2\/pressroom"}],"about":[{"href":"https:\/\/boseprofessional.com\/fr\/wp-json\/wp\/v2\/types\/pressroom"}],"version-history":[{"count":3,"href":"https:\/\/boseprofessional.com\/fr\/wp-json\/wp\/v2\/pressroom\/163678\/revisions"}],"predecessor-version":[{"id":163686,"href":"https:\/\/boseprofessional.com\/fr\/wp-json\/wp\/v2\/pressroom\/163678\/revisions\/163686"}],"wp:featuredmedia":[{"embeddable":true,"href":"https:\/\/boseprofessional.com\/fr\/wp-json\/wp\/v2\/media\/163680"}],"wp:attachment":[{"href":"https:\/\/boseprofessional.com\/fr\/wp-json\/wp\/v2\/media?parent=163678"}],"curies":[{"name":"wp","href":"https:\/\/api.w.org\/{rel}","templated":true}]}}