{"id":149131,"date":"2025-02-03T22:27:12","date_gmt":"2025-02-03T22:27:12","guid":{"rendered":"https:\/\/boseprofessional.com\/?post_type=pressroom&#038;p=149131"},"modified":"2025-04-10T12:36:35","modified_gmt":"2025-04-10T12:36:35","slug":"passion-sounds-better-bose-professional-showcases-new-solutions-and-previews-upcoming-releases-at-ise-2025","status":"publish","type":"pressroom","link":"https:\/\/boseprofessional.com\/fr\/company\/newsroom\/2025\/passion-sounds-better-bose-professional-showcases-new-solutions-and-previews-upcoming-releases-at-ise-2025\/","title":{"rendered":"Passion Sounds Better: Bose Professional Showcases New Solutions and Previews Upcoming Releases at ISE 2025"},"content":{"rendered":"\t\t<div data-elementor-type=\"wp-post\" data-elementor-id=\"149131\" class=\"elementor elementor-149131\" data-elementor-post-type=\"pressroom\">\n\t\t\t\t<div data-particle_enable=\"false\" data-particle-mobile-disabled=\"false\" class=\"elementor-element elementor-element-3a65e3b9 e-flex e-con-boxed e-con e-parent\" data-id=\"3a65e3b9\" data-element_type=\"container\">\n\t\t\t\t\t<div class=\"e-con-inner\">\n\t\t\t\t<div class=\"elementor-element elementor-element-67fbf26d elementor-widget elementor-widget-text-editor\" data-id=\"67fbf26d\" data-element_type=\"widget\" data-widget_type=\"text-editor.default\">\n\t\t\t\t<div class=\"elementor-widget-container\">\n\t\t\t\t\t\t\t\t\t\n<p><strong>HOPKINTON, Mass. \u2013 4 f\u00e9vrier 2025 \u2013<\/strong> <a href=\"https:\/\/www.boseprofessional.com\/?utm_campaign=fy25%20press%20releases&amp;utm_medium=owned_pr&amp;utm_source=press%20release&amp;utm_term=awareness&amp;utm_content=ise%202025%20press%20release&amp;utm_geography=global\">Bose Professional<\/a> , concepteur d'exp\u00e9riences audio de classe mondiale destin\u00e9es \u00e0 transformer n'importe quel espace, pr\u00e9sentera une gamme de nouveaux produits et de solutions audio professionnelles prim\u00e9es \u00e0 <a href=\"https:\/\/www.boseprofessional.com\/ise-2025?utm_campaign=fy25%20press%20releases&amp;utm_medium=owned_pr&amp;utm_source=press%20release&amp;utm_term=awareness&amp;utm_content=ise%202025%20press%20release&amp;utm_geography=global\">Integrated Systems Europe (ISE) 2025<\/a> , le salon annuel de l'industrie AV et de l'int\u00e9gration de syst\u00e8mes qui se tiendra \u00e0 la Fira de Barcelona du 4 au 7 f\u00e9vrier 2025 \u00e0 Barcelone, en Espagne.<\/p>\n\n<p>Bose Professional pr\u00e9sentera un \u00e9cosyst\u00e8me complet de enceintes , \u00e9lectronique, logiciels et services au stand 3N200 du hall multi-technologies de l'ISE, avec notamment un aper\u00e7u exclusif de nouvelles solutions hautes performances enceintes Du mat\u00e9riel sera disponible plus tard dans l'ann\u00e9e. Des d\u00e9monstrations produits seront organis\u00e9es toutes les 30 minutes dans une salle d\u00e9di\u00e9e du stand.<\/p>\n\n<p>Les participants \u00e0 l'ISE auront l'occasion de d\u00e9couvrir la technologie directionnelle exclusive <a href=\"https:\/\/www.boseprofessional.com\/solutions\/edgemax-proprietary-directional-loudspeakers?utm_campaign=fy25%20press%20releases&amp;utm_medium=owned_pr&amp;utm_source=press%20release&amp;utm_term=awareness&amp;utm_content=ise%202025%20press%20release&amp;utm_geography=global&amp;utm_product=edgemax\">EdgeMax LP.<\/a> enceintes Ces modules combinent les performances des composants \u00e0 montage en surface avec le format compact des produits encastrables au plafond. Seront \u00e9galement pr\u00e9sent\u00e9s les nouveaux <a href=\"https:\/\/www.boseprofessional.com\/products\/loudspeakers\/surface-mount\/amu\/arenamatch-amu108-120-compact-high-performance-loudspeaker?utm_campaign=fy25%20press%20releases&amp;utm_medium=owned_pr&amp;utm_source=press%20release&amp;utm_term=awareness&amp;utm_content=ise%202025%20press%20release&amp;utm_geography=global&amp;utm_product=amu_loudspeakers\">mod\u00e8les AMU108-120<\/a> et <a href=\"https:\/\/www.boseprofessional.com\/products\/loudspeakers\/surface-mount\/amu\/arenamatch-amu208-120-compact-high-performance-loudspeaker?utm_campaign=fy25%20press%20releases&amp;utm_medium=owned_pr&amp;utm_source=press%20release&amp;utm_term=awareness&amp;utm_content=ise%202025%20press%20release&amp;utm_geography=global&amp;utm_product=arenamatch\">AMU208-120.<\/a> enceintes , qui offrent une large couverture, une puissance \u00e9lev\u00e9e, une clart\u00e9 vocale exceptionnelle et une riche profondeur musicale pour une gamme d'applications.<\/p>\n\n<p>Bose Professional <a href=\"https:\/\/www.boseprofessional.com\/solutions\/controlspace-ecosystem?utm_campaign=fy25%20press%20releases&amp;utm_medium=owned_pr&amp;utm_source=press%20release&amp;utm_term=awareness&amp;utm_content=ise%202025%20press%20release&amp;utm_geography=global&amp;utm_product=controlspace_ecosystem\">ControlSpace<\/a> pr\u00e9sentera deux nouveaut\u00e9s pour son \u00e9cosyst\u00e8me de gestion audio\u00a0: <a href=\"https:\/\/www.boseprofessional.com\/solutions\/cloud-promo?utm_campaign=fy25%20press%20releases&amp;utm_medium=owned_pr&amp;utm_source=press%20release&amp;utm_term=awareness&amp;utm_content=ise%202025%20press%20release&amp;utm_geography=global&amp;utm_product=controlspace%20cloud\">ControlSpace Cloud<\/a> , une nouvelle cloud - un service de surveillance syst\u00e8me bas\u00e9 sur <a href=\"https:\/\/www.boseprofessional.com\/solutions\/accelerator-promo?utm_campaign=fy25%20press%20releases&amp;utm_medium=owned_pr&amp;utm_source=press%20release&amp;utm_term=awareness&amp;utm_content=ise%202025%20press%20release&amp;utm_geography=global&amp;utm_product=controlspace%20accelerator\">ControlSpace Accelerator<\/a> , un outil de configuration automatis\u00e9 qui permet de gagner jusqu'\u00e0 5 fois plus de temps lors de la conception du syst\u00e8me.<\/p>\n\n<p>Parmi les nouveaux produits pr\u00e9sent\u00e9s en avant-premi\u00e8re \u00e0 l'ISE 2025\u00a0:<\/p>\n\n<ul class=\"wp-block-list\">\n<li>La <a href=\"https:\/\/www.boseprofessional.com\/ise-2025?utm_campaign=fy25%20press%20releases&amp;utm_medium=owned_pr&amp;utm_source=press%20release&amp;utm_term=awareness&amp;utm_content=ise%202025%20press%20release&amp;utm_geography=global\">gamme Veritas<\/a> de mixeurs intelligents amplificateurs Offre une qualit\u00e9 sonore professionnelle, des performances optimales et un contr\u00f4le pr\u00e9cis pour la musique d'ambiance, la sonorisation et le multim\u00e9dia dans les environnements commerciaux de petite et moyenne taille. Elle int\u00e8gre une entr\u00e9e sans fil Bluetooth et un \u00e9cran OLED intuitif avec code QR de d\u00e9marrage rapide pour une configuration et un contr\u00f4le simplifi\u00e9s. Veritas amplificateurs Il prend en charge le mixage des sources, le routage par zone et la mise en sourdine de la musique, tandis que les options de commande murale \u00e0 distance optimisent la polyvalence et l'accessibilit\u00e9.<\/li>\n\n<li>Disponible en mod\u00e8les deux voies de 8 et 12 pouces, la <a href=\"https:\/\/www.boseprofessional.com\/ise-2025?utm_campaign=fy25%20press%20releases&amp;utm_medium=owned_pr&amp;utm_source=press%20release&amp;utm_term=awareness&amp;utm_content=ise%202025%20press%20release&amp;utm_geography=global\">s\u00e9rie Forum ,<\/a> anciennement connue sous le nom de Lyric, est coaxiale. enceintes comporte des haut-parleurs \u00e0 grande excursion qui int\u00e8grent la technologie de guide d'ondes \u00e0 largeur de faisceau adapt\u00e9e pour une couverture uniforme de 110\u00b0 \u00d7 60\u00b0 sur toute la gamme de fr\u00e9quences. Forum Il offre un rendement exceptionnellement \u00e9lev\u00e9 dans un format compact, assurant un son constant et une pr\u00e9cision chirurgicale, ce qui le rend parfaitement adapt\u00e9 \u00e0 diverses installations \u00e0 fort impact, notamment les \u00e9v\u00e9nements d'entreprise, les salles de spectacle et les espaces de vente au d\u00e9tail.<\/li>\n<\/ul>\n\n<p>\u00ab En tant qu'entreprise, nous sommes extr\u00eamement fiers de notre \u00e9quipe mondiale de professionnels qui mettent leur expertise, leur d\u00e9vouement et leur passion au service de tout ce que nous entreprenons \u00bb, a d\u00e9clar\u00e9 Hans Vereecken, vice-pr\u00e9sident des ventes internationales. \u00ab Depuis que nous sommes devenus ind\u00e9pendants il y a deux ans, Bose Professional Notre entreprise a connu une transformation remarquable, et le dynamisme et la passion de nos employ\u00e9s font toute la diff\u00e9rence lorsque les clients choisissent de travailler avec nous. En bref, la passion a un meilleur impact sonore, et cela se refl\u00e8te dans notre engagement \u00e0 fournir chaque jour des solutions audio exceptionnelles.<\/p>\n\n<p>ISE est le plus grand salon professionnel de l'audiovisuel en Europe, r\u00e9unissant fabricants, int\u00e9grateurs, distributeurs et utilisateurs finaux du monde entier pour d\u00e9couvrir les derni\u00e8res technologies, produits et services. En 2024, ISE a accueilli plus de 1\u00a0400 exposants r\u00e9partis dans huit halls et pr\u00e8s de 75\u00a0000 visiteurs.<\/p>\n\n<p>Pour plus d'informations sur Bose Professional Pour d\u00e9couvrir nos produits, rendez-vous sur <a href=\"https:\/\/www.boseprofessional.com\/?utm_campaign=fy25%20press%20releases&amp;utm_medium=owned_pr&amp;utm_source=press%20release&amp;utm_term=awareness&amp;utm_content=ise%202025%20press%20release&amp;utm_geography=global\">BoseProfessional.com<\/a> .<\/p>\n\n<p class=\"has-text-align-center\"># # #<\/p>\n\n<p><strong>Photo 1 :<\/strong> Bose Professional Logo _Passions_Sounds_Better_<\/p>\n\n<p><strong>L\u00e9gende photo :<\/strong> Logo Passions Sounds Better<\/p>\n\n<p class=\"has-small-font-size\"><strong>\u00c0 propos de Bose Professional<\/strong><br> Bose Professional se consacre \u00e0 la transfiguration des espaces gr\u00e2ce au son. Anim\u00e9e par la conviction que l\u2019innovation commence par l\u2019exploration, notre \u00e9quipe d\u00e9vou\u00e9e et passionn\u00e9e s\u2019appuie sur une expertise remarquable et un esprit d\u2019invention pour cr\u00e9er des solutions audio qui am\u00e9liorent les performances et les environnements commerciaux. Des h\u00f4tels et restaurants aux lieux de culte, en passant par les universit\u00e9s et les espaces commerciaux, nos syst\u00e8mes, r\u00e9put\u00e9s pour leurs performances, sont faciles \u00e0 concevoir, \u00e0 installer et \u00e0 utiliser. Depuis plus de 50 ans, nous collaborons avec des int\u00e9grateurs de syst\u00e8mes audiovisuels, des concepteurs et installateurs de syst\u00e8mes ainsi que des consultants du monde entier afin de faire vivre des exp\u00e9riences audio inoubliables. Et ce n\u2019est que le d\u00e9but.<\/p>\n\n<p class=\"has-small-font-size\"><strong>Contact presse :<\/strong> <br \/>Bose Professional<br \/> <a href=\"mailto:BoseProfessional@boseprofessional.com\">BoseProfessional@boseprofessional.com<br \/><\/a> <a href=\"https:\/\/www.boseprofessional.com\">BoseProfessional.com<\/a><\/p>\n\t\t\t\t\t\t\t\t<\/div>\n\t\t\t\t<\/div>\n\t\t\t\t\t<\/div>\n\t\t\t\t<\/div>\n\t\t\t\t<\/div>\n\t\t","protected":false},"featured_media":149364,"template":"","format":"standard","class_list":["post-149131","pressroom","type-pressroom","status-publish","format-standard","has-post-thumbnail","hentry"],"acf":[],"_links":{"self":[{"href":"https:\/\/boseprofessional.com\/fr\/wp-json\/wp\/v2\/pressroom\/149131","targetHints":{"allow":["GET"]}}],"collection":[{"href":"https:\/\/boseprofessional.com\/fr\/wp-json\/wp\/v2\/pressroom"}],"about":[{"href":"https:\/\/boseprofessional.com\/fr\/wp-json\/wp\/v2\/types\/pressroom"}],"version-history":[{"count":3,"href":"https:\/\/boseprofessional.com\/fr\/wp-json\/wp\/v2\/pressroom\/149131\/revisions"}],"predecessor-version":[{"id":159465,"href":"https:\/\/boseprofessional.com\/fr\/wp-json\/wp\/v2\/pressroom\/149131\/revisions\/159465"}],"wp:featuredmedia":[{"embeddable":true,"href":"https:\/\/boseprofessional.com\/fr\/wp-json\/wp\/v2\/media\/149364"}],"wp:attachment":[{"href":"https:\/\/boseprofessional.com\/fr\/wp-json\/wp\/v2\/media?parent=149131"}],"curies":[{"name":"wp","href":"https:\/\/api.w.org\/{rel}","templated":true}]}}