{"id":127346,"date":"2024-10-22T13:58:38","date_gmt":"2024-10-22T13:58:38","guid":{"rendered":"https:\/\/bosepro-dev-test.boseprofessional.com\/?post_type=pressroom&#038;p=127346"},"modified":"2024-11-15T17:54:12","modified_gmt":"2024-11-15T17:54:12","slug":"bose-professional-strengthens-its-latin-american-operations-with-four-new-wholesale-distributors","status":"publish","type":"pressroom","link":"https:\/\/boseprofessional.com\/fr\/company\/newsroom\/2024\/bose-professional-strengthens-its-latin-american-operations-with-four-new-wholesale-distributors\/","title":{"rendered":"Bose Professional Strengthens Its Latin American Operations with Four New Wholesale Distributors"},"content":{"rendered":"\n<p><strong>FRAMINGHAM, Massachusetts \u2013 19 septembre 2024<\/strong> \u2013 <a href=\"https:\/\/www.boseprofessional.com\/es\/\">Bose Professional<\/a> , concepteur d'exp\u00e9riences audio exceptionnelles destin\u00e9es \u00e0 transformer tous les espaces, annonce le renforcement de son r\u00e9seau de distribution en Am\u00e9rique latine avec l'arriv\u00e9e de nouveaux distributeurs en Argentine, au Br\u00e9sil, au Guatemala, au Paraguay et dans les Cara\u00efbes. Par ailleurs, l'entreprise a int\u00e9gr\u00e9 deux ing\u00e9nieurs \u00e0 son \u00e9quipe commerciale r\u00e9gionale. Ces derniers joueront un r\u00f4le essentiel en accompagnant les distributeurs et les int\u00e9grateurs dans la conception et l'int\u00e9gration de solutions audio.<\/p>\n\n\n\n<p>Depuis plus de 50 ans, <a href=\"https:\/\/www.boseprofessional.com\/en-us?utm_campaign=fy25%2520press%2520releases&amp;utm_medium=owned_pr&amp;utm_source=press%2520release&amp;utm_term=awareness&amp;utm_content=hybrid%2520sales%2520press%2520release&amp;utm_geography=global\">Bose Professional<\/a> d\u00e9veloppe des technologies audio qui permettent de concevoir, d'installer et d'utiliser facilement des syst\u00e8mes pour des applications professionnelles et commerciales. Aujourd'hui, ses syst\u00e8mes sont utilis\u00e9s dans le monde entier\u00a0: lieux de travail, lieux de culte, \u00e9tablissements scolaires, restaurants, commerces, h\u00f4tels, salles de spectacle, auditoriums, stades, etc.<\/p>\n\n\n\n<p class=\"has-medium-font-size\"><strong>De nouveaux distributeurs pour une meilleure couverture r\u00e9gionale<\/strong><\/p>\n\n\n\n<p>Les nouveaux distributeurs en gros ont \u00e9t\u00e9 soigneusement s\u00e9lectionn\u00e9s pour leur connaissance approfondie de leurs march\u00e9s, leur expertise dans le secteur de l'audio professionnel et leur capacit\u00e9 av\u00e9r\u00e9e \u00e0 g\u00e9n\u00e9rer de nouvelles opportunit\u00e9s commerciales avec leurs distributeurs et int\u00e9grateurs locaux. Ces entreprises, Etercor (Argentine), Pro On Group (Br\u00e9sil et Paraguay), Sinfon\u00eda Electr\u00f3nica (Guatemala) et BCP Distribution (Cara\u00efbes), apportent une riche exp\u00e9rience et un solide r\u00e9seau. Bose Professional famille.<\/p>\n\n\n\n<p>\u00ab Nous sommes ravis d'annoncer nos nouveaux partenaires de distribution en tant que Bose Professional \u00ab Nous continuons \u00e0 d\u00e9velopper notre pr\u00e9sence sur le march\u00e9 latino-am\u00e9ricain \u00bb, a d\u00e9clar\u00e9 Diana Patricia Quintero, CTS, directrice des ventes pour l'Am\u00e9rique latine. \u00ab Les relations personnelles sont un \u00e9l\u00e9ment essentiel de\u2026 \u00bb Bose Professional Nous sommes fiers de notre succ\u00e8s et de collaborer avec des distributeurs qui partagent notre engagement envers l'excellence. Travailler avec une excellente \u00e9quipe de distributeurs locaux nous permet d'offrir un service personnalis\u00e9 et de premier ordre, tout en tenant notre promesse d'innovation et d'excellence.<\/p>\n\n\n\n<p>Dans le reste de l'Am\u00e9rique latine, Bose Professional Ricoh est pr\u00e9sent localement via USV Trade LTDA (Bolivie), Musical Express (Br\u00e9sil, syst\u00e8mes portables uniquement), MMT (Chili), Automa SAS (Colombie et Panama), Valparr Importaciones (\u00c9quateur) et Cayman Distribution, une soci\u00e9t\u00e9 Ricoh (P\u00e9rou). Au Mexique, compte tenu de la taille du march\u00e9 et de son degr\u00e9 de sp\u00e9cialisation, la distribution est r\u00e9partie entre Dextra Electronics, Gilsama, Neocenter et Syscom.<\/p>\n\n\n\n<p class=\"has-medium-font-size\"><strong>Une \u00e9quipe commerciale renforc\u00e9e pour l'Am\u00e9rique latine<\/strong><\/p>\n\n\n\n<p>L'\u00e9quipe commerciale pour l'Am\u00e9rique latine a r\u00e9cemment \u00e9t\u00e9 renforc\u00e9e afin de mettre l'accent sur une approche r\u00e9gionale et un meilleur soutien \u00e0 la client\u00e8le. Lina Maria Villa, une professionnelle exp\u00e9riment\u00e9e titulaire des certifications AVIXA (CTS) et CEDIA (ECS-D et CIO), a r\u00e9cemment rejoint l'\u00e9quipe. Bose Professional En tant qu'ing\u00e9nieure commerciale, son expertise en technologies audio et son engagement envers la satisfaction client font d'elle un atout pr\u00e9cieux pour l'\u00e9quipe. Au Mexique, Alexander Danielewicz, fort d'une vaste exp\u00e9rience dans les syst\u00e8mes audio, a rejoint l'\u00e9quipe en tant qu'ing\u00e9nieur commercial, renfor\u00e7ant ainsi sa capacit\u00e9 \u00e0 fournir un service de premier ordre aux distributeurs et int\u00e9grateurs locaux.<\/p>\n\n\n\n<p>Outre Villa et Danielewicz, l'\u00e9quipe est compl\u00e9t\u00e9e par Adrian Sepulveda, directeur des ventes ; Julian Castro, directeur des ventes d'installations ; Diana Patricia Quintero, directrice des ventes pour l'Am\u00e9rique latine ; et Jim Schanz, vice-pr\u00e9sident des ventes pour l'Am\u00e9rique.<\/p>\n\n\n\n<p>Pour plus d'informations, notamment une collection compl\u00e8te de modules de formation et de documentation produit, consultez le site boseprofessional.com.<\/p>\n\n\n\n<p class=\"has-text-align-center\"># # #<\/p>\n\n\n\n<p><strong>Photo 1\u00a0:<\/strong> Distributeurs Bose Pro d\u2019Am\u00e9rique latine InfoComm 2024<\/p>\n\n\n\n<p><strong>L\u00e9gende photo :<\/strong> Am\u00e9rique latine Bose Professional Les distributeurs se sont r\u00e9unis \u00e0 InfoComm 2024<\/p>\n\n\n\n<p class=\"bp_mar-btm-0 {gcl}\"><strong>\u00c0 propos de Bose Professional<\/strong><\/p>\n\n\n\n<p class=\"{gcl}\">Fond\u00e9e sur la conviction que l'innovation commence par l'exploration, Bose Professional se consacre \u00e0 offrir le chemin le plus simple vers un son exceptionnel. L'esprit d'innovation de l'entreprise se concentre sur la cr\u00e9ation de syst\u00e8mes faciles \u00e0 concevoir, \u00e0 installer et \u00e0 utiliser pour des applications de spectacle, commerciales et de conf\u00e9rence. Ces syst\u00e8mes sont utilis\u00e9s partout dans le monde\u00a0: lieux de travail, lieux de culte, universit\u00e9s, restaurants, magasins, h\u00f4tels, salles de spectacle, et bien plus encore. Depuis plus de 50\u00a0ans, Bose Professional L'entreprise s'est associ\u00e9e \u00e0 des int\u00e9grateurs audiovisuels, des concepteurs de syst\u00e8mes, des installateurs et des consultants pour cr\u00e9er des exp\u00e9riences audio inoubliables.<\/p>\n\n\n\n<p class=\"{gcl}\"><strong>Contact m\u00e9dias\u00a0:<\/strong><\/p>\n\n\n\n<p class=\"{gcl}\">Bose\u00a0Professional<\/p>\n\n\n\n<a class=\"{gcl} cc-btn {currentpageclass=static=mailto:boseprofessional@boseprofessional.com}\" href=\"mailto:boseprofessional@boseprofessional.com\">BoseProfessional@boseprofessional.com<\/a>\n\n\n\n<div class=\"{gcl}\"><\/div>\n\n\n\n<a class=\"button-c476016 {gcl} cc-btn {currentpageclass=static=\/en-us}\" href=\"\/fr\/en-us\/\">BoseProfessional.com<\/a>\n","protected":false},"featured_media":127348,"template":"","format":"standard","class_list":["post-127346","pressroom","type-pressroom","status-publish","format-standard","has-post-thumbnail","hentry"],"acf":[],"_links":{"self":[{"href":"https:\/\/boseprofessional.com\/fr\/wp-json\/wp\/v2\/pressroom\/127346","targetHints":{"allow":["GET"]}}],"collection":[{"href":"https:\/\/boseprofessional.com\/fr\/wp-json\/wp\/v2\/pressroom"}],"about":[{"href":"https:\/\/boseprofessional.com\/fr\/wp-json\/wp\/v2\/types\/pressroom"}],"version-history":[{"count":1,"href":"https:\/\/boseprofessional.com\/fr\/wp-json\/wp\/v2\/pressroom\/127346\/revisions"}],"predecessor-version":[{"id":127350,"href":"https:\/\/boseprofessional.com\/fr\/wp-json\/wp\/v2\/pressroom\/127346\/revisions\/127350"}],"wp:featuredmedia":[{"embeddable":true,"href":"https:\/\/boseprofessional.com\/fr\/wp-json\/wp\/v2\/media\/127348"}],"wp:attachment":[{"href":"https:\/\/boseprofessional.com\/fr\/wp-json\/wp\/v2\/media?parent=127346"}],"curies":[{"name":"wp","href":"https:\/\/api.w.org\/{rel}","templated":true}]}}