{"id":5462,"date":"2021-12-16T13:41:00","date_gmt":"2021-12-16T13:41:00","guid":{"rendered":"https:\/\/uatnew.boseprofessional.com\/?post_type=pressroom&#038;p=5462"},"modified":"2025-02-27T16:42:24","modified_gmt":"2025-02-27T16:42:24","slug":"lc-packaging-selects-boseprofessional","status":"publish","type":"pressroom","link":"https:\/\/boseprofessional.com\/es\/company\/newsroom\/2021\/lc-packaging-selects-boseprofessional\/","title":{"rendered":"LC Packaging Selects Bose Professional Technology to Support Vision for Global Connectivity and Collaboration"},"content":{"rendered":"\t\t<div data-elementor-type=\"wp-post\" data-elementor-id=\"5462\" class=\"elementor elementor-5462\" data-elementor-post-type=\"pressroom\">\n\t\t\t\t<div data-particle_enable=\"false\" data-particle-mobile-disabled=\"false\" class=\"elementor-element elementor-element-6e03ff3f e-flex e-con-boxed e-con e-parent\" data-id=\"6e03ff3f\" data-element_type=\"container\">\n\t\t\t\t\t<div class=\"e-con-inner\">\n\t\t\t\t<div class=\"elementor-element elementor-element-76da85f2 elementor-widget elementor-widget-text-editor\" data-id=\"76da85f2\" data-element_type=\"widget\" data-widget_type=\"text-editor.default\">\n\t\t\t\t<div class=\"elementor-widget-container\">\n\t\t\t\t\t\t\t\t\t<p><\/p>\n<h2 class=\"{gcl}\">Bose Professional Barra de v\u00eddeo VB1 Proporciona interacciones intuitivas y sin esfuerzo tanto para el personal como para los clientes<\/h2>\n<p><\/p>\n<p><\/p>\n<div class=\"{gcl}\"><\/div>\n<p><\/p>\n<p><\/p>\n<p><strong>FRAMINGHAM, 16 de diciembre de 2021<\/strong> <strong>\u2014<\/strong> <a href=\"\/es\/en-us\/\">Bose Professional<\/a> anunci\u00f3 que LC Packaging la seleccion\u00f3 para proporcionar la tecnolog\u00eda audiovisual que garantice su visi\u00f3n de una sede central integrada y conectada globalmente. Con instalaciones de producci\u00f3n, oficinas y almacenes ubicados en 16 pa\u00edses, la empresa, con casi 100 a\u00f1os de historia, se comprometi\u00f3 a fortalecer su eficiencia mediante tecnolog\u00eda f\u00e1cil de usar en su nueva sede en los Pa\u00edses Bajos.<\/p>\n<p><\/p>\n<p><\/p>\n<p>La misi\u00f3n de la nueva sede era crear un espacio que resaltara lo que hace a LC Packaging tan \u00fanico, a la vez que ofreciera a los empleados formas intuitivas de interactuar de forma clara y sencilla con colegas y clientes de todo el mundo. <a href=\"https:\/\/www.avex-int.com\/\" target=\"_blank\" rel=\"noreferrer noopener\">AVEX<\/a> , el integrador europeo l\u00edder, colabor\u00f3 con Bose Professional para dise\u00f1o y soluciones audiovisuales flexibles, incluyendo la Bose Professional Barra de v\u00eddeo VB1 dispositivo de conferencias USB todo en uno, DesignMax y altavoces modulares, y ControlSpace procesador.<\/p>\n<p><\/p>\n<p><\/p>\n<p>\u201cNuestras instrucciones a AVEX fueron muy simples: crear un entorno de trabajo inteligente donde las personas puedan comunicarse y cooperar entre s\u00ed de manera f\u00e1cil y efectiva\u201d, afirm\u00f3 el director europeo de LC Packaging, Nick Jansen.<\/p>\n<p><\/p>\n<p><\/p>\n<p>El Bose Professional La soluci\u00f3n integrada que se encuentra en toda la sede de LC Packaging incluye la Bose Professional Barra de v\u00eddeo VB1 en las oficinas ejecutivas, peque\u00f1as salas de colaboraci\u00f3n y espacios de reuni\u00f3n de tama\u00f1o mediano. DesignMax Para la sala de formaci\u00f3n flexible se utilizan altavoces de techo, as\u00ed como altavoces de matriz orientables MSA12X en el auditorio de varios niveles.<\/p>\n<p><\/p>\n<p><\/p>\n<p>\u201cEl nuevo espacio de LC Packaging representa el compromiso con su herencia, al tiempo que garantiza una conexi\u00f3n fluida entre los empleados de todo el mundo\u201d, afirm\u00f3 Jeroen Labots, gerente de cartera de productos de AVEX. \u201cEl resultado de la incorporaci\u00f3n Bose Professional Hubo numerosos espacios donde la tecnolog\u00eda es transparente y la gente se centra en conectar y en lo que necesita ser discutido. La adopci\u00f3n y el uso por parte de los empleados fueron inmediatos.<\/p>\n<p><\/p>\n<p><\/p>\n<p class=\"bp_mar-btm-0\">Para obtener m\u00e1s informaci\u00f3n sobre el proyecto LC Packaging y su soluci\u00f3n de audio personalizada, visite <a href=\"https:\/\/boseprofessional.com\/es\/applications\/case-studies\/lc-packaging\/\" data-type=\"pressroom\" data-id=\"4635\">BoseProfessional.com\/LCpackaging<\/a> .<\/p>\n<p><\/p>\n<p><\/p>\n<div class=\"{gcl}\"><p><\/p>\n<p class=\"bp_mar-btm-0\">###<\/p>\n<p><\/p><\/div>\n<p><\/p>\n<p><\/p>\n<p><strong>Archivo de fotograf\u00eda 1:<\/strong> BoseProfessional_LCPackaging Auditorium.jpg<\/p>\n<p><\/p>\n<p><\/p>\n<p><strong>Pie de foto 1:<\/strong> Dentro del lujoso auditorio donde Bose Professional La calidad del audio se nota en todas partes.<\/p>\n<p><\/p>\n<p><\/p>\n<p><strong>Archivo de fotograf\u00eda 2:<\/strong> BoseProfessional_LCPackaging VB1 Sala de conferencias.jpg<\/p>\n<p><\/p>\n<p><\/p>\n<p><strong>Pie de foto 2:<\/strong> Uno de los numerosos espacios comerciales que utilizan tecnolog\u00eda transparente, proporcionando una calidad de sonido \u00f3ptima.<\/p>\n<p><\/p>\n<p><\/p>\n<p><strong>Archivo de foto 3:<\/strong> BoseProfessional_LCPackaging HQ.jpg<\/p>\n<p><\/p>\n<p><\/p>\n<p><strong>Pie de foto 3:<\/strong> Bose Professional Barra de v\u00eddeo VB1 Permite una colaboraci\u00f3n sin esfuerzo para lograr una alta productividad en LC Packaging.<\/p>\n<p><\/p>\n<p><\/p>\n<div class=\"{gcl}\"><\/div>\n<p><\/p>\n<p><\/p>\n<p class=\"bp_mar-btm-0 {gcl}\"><strong><strong>Acerca de Bose\u00a0Professional<\/strong><\/strong><\/p>\n<p><\/p>\n<p><\/p>\n<p class=\"{gcl}\">Fundada en la creencia de que la innovaci\u00f3n comienza con la exploraci\u00f3n, Bose Professional se dedica a ofrecer la forma m\u00e1s sencilla de lograr un sonido incre\u00edble. El esp\u00edritu innovador de la compa\u00f1\u00eda se centra en crear sistemas f\u00e1ciles de dise\u00f1ar, instalar y operar para aplicaciones de alto rendimiento, comerciales y de conferencias. Estos sistemas se escuchan en todo el mundo: en lugares de trabajo, lugares de culto, universidades, restaurantes, tiendas, hoteles, centros de artes esc\u00e9nicas y m\u00e1s. Durante m\u00e1s de 50 a\u00f1os, Bose Professional La empresa se ha asociado con integradores de AV, dise\u00f1adores de sistemas, instaladores y consultores para crear experiencias de audio inolvidables.<\/p>\n<p><\/p>\n<p><\/p>\n<div class=\"{gcl}\"><\/div>\n<p><\/p>\n<p><\/p>\n<p class=\"{gcl}\"><strong>Contacto de prensa de Bose:<\/strong><\/p>\n<p><\/p>\n<p><\/p>\n<p class=\"{gcl}\">Bose Professional<\/p>\n<p><\/p>\n<p><\/p>\n<p class=\"{gcl}\">508-766-4519<\/p>\n<p><\/p>\n<p><\/p>\n<div class=\"{gcl}\"><br>\n<a class=\"{gcl} cc-btn {currentpageclass=static=mailto:boseprofessional@boseprofessional.com}\" href=\"mailto:boseprofessional@boseprofessional.com\">BoseProfessional@boseprofessional.com<\/a><br>\n<p><\/p>\n<p><\/p>\n<div class=\"{gcl}\"><\/div>\n<p><\/p>\n<p><br>\n<a class=\"button-c476016 {gcl} cc-btn {currentpageclass=static=\/en-us}\" href=\"\/es\/en-us\/\">BoseProfessional.com<\/a><br>\n<\/p><\/div>\n<p><\/p>\t\t\t\t\t\t\t\t<\/div>\n\t\t\t\t<\/div>\n\t\t\t\t\t<\/div>\n\t\t\t\t<\/div>\n\t\t\t\t<\/div>\n\t\t","protected":false},"featured_media":82669,"template":"","format":"standard","class_list":["post-5462","pressroom","type-pressroom","status-publish","format-standard","has-post-thumbnail","hentry"],"acf":[],"_links":{"self":[{"href":"https:\/\/boseprofessional.com\/es\/wp-json\/wp\/v2\/pressroom\/5462","targetHints":{"allow":["GET"]}}],"collection":[{"href":"https:\/\/boseprofessional.com\/es\/wp-json\/wp\/v2\/pressroom"}],"about":[{"href":"https:\/\/boseprofessional.com\/es\/wp-json\/wp\/v2\/types\/pressroom"}],"version-history":[{"count":3,"href":"https:\/\/boseprofessional.com\/es\/wp-json\/wp\/v2\/pressroom\/5462\/revisions"}],"predecessor-version":[{"id":150715,"href":"https:\/\/boseprofessional.com\/es\/wp-json\/wp\/v2\/pressroom\/5462\/revisions\/150715"}],"wp:featuredmedia":[{"embeddable":true,"href":"https:\/\/boseprofessional.com\/es\/wp-json\/wp\/v2\/media\/82669"}],"wp:attachment":[{"href":"https:\/\/boseprofessional.com\/es\/wp-json\/wp\/v2\/media?parent=5462"}],"curies":[{"name":"wp","href":"https:\/\/api.w.org\/{rel}","templated":true}]}}