{"id":163678,"date":"2025-06-10T21:05:20","date_gmt":"2025-06-10T21:05:20","guid":{"rendered":"https:\/\/boseprofessional.com\/?post_type=pressroom&#038;p=163678"},"modified":"2025-06-20T14:39:00","modified_gmt":"2025-06-20T14:39:00","slug":"infocomm-2025-press-release","status":"publish","type":"pressroom","link":"https:\/\/boseprofessional.com\/es\/company\/newsroom\/2025\/infocomm-2025-press-release\/","title":{"rendered":"Bose Professional Celebrates Independence and Innovation at InfoComm 2025"},"content":{"rendered":"\t\t<div data-elementor-type=\"wp-post\" data-elementor-id=\"163678\" class=\"elementor elementor-163678\" data-elementor-post-type=\"pressroom\">\n\t\t\t\t<div data-particle_enable=\"false\" data-particle-mobile-disabled=\"false\" class=\"elementor-element elementor-element-3a65e3b9 e-flex e-con-boxed e-con e-parent\" data-id=\"3a65e3b9\" data-element_type=\"container\">\n\t\t\t\t\t<div class=\"e-con-inner\">\n\t\t\t\t<div class=\"elementor-element elementor-element-67fbf26d elementor-widget elementor-widget-text-editor\" data-id=\"67fbf26d\" data-element_type=\"widget\" data-widget_type=\"text-editor.default\">\n\t\t\t\t<div class=\"elementor-widget-container\">\n\t\t\t\t\t\t\t\t\t<p><\/p>\n<p><strong>HOPKINTON, Massachusetts \u2013 11 de junio de 2025<\/strong> \u2013 <a href=\"https:\/\/boseprofessional.com\/es\/?utm_campaign=infocomm_2025&amp;utm_medium=owned_pr&amp;utm_source=press_release&amp;utm_term=awareness&amp;utm_content=fy26_press_releases&amp;utm_geography=global&amp;utm_product=multiple_products\">Bose Professional<\/a> , desarrollador de experiencias de audio de primera clase dise\u00f1adas para transformar cualquier espacio, celebrar\u00e1 su segundo aniversario como empresa independiente con su regreso a <a href=\"https:\/\/www.infocommshow.org\/\" target=\"_blank\" rel=\"noopener\">InfoComm 2025,<\/a> la feria audiovisual profesional m\u00e1s grande de Norteam\u00e9rica. La compa\u00f1\u00eda exhibir\u00e1 sus soluciones de hardware y software m\u00e1s vendidas y ofrecer\u00e1 un emocionante adelanto de sus nuevos lanzamientos en el stand 6361 de la Sala de Audio del Centro de Convenciones del Condado de Orange en Orlando, Florida, del 11 al 13 de junio de 2025.<\/p>\n<p>Las nuevas soluciones disponibles que se presentaron en la feria incluyen la galardonada l\u00ednea <a href=\"https:\/\/boseprofessional.com\/es\/solutions\/veritas-smart-mixer-amplifier-series\/?utm_campaign=infocomm_2025&amp;utm_medium=owned_pr&amp;utm_source=press_release&amp;utm_term=awareness&amp;utm_content=fy26_press_releases&amp;utm_geography=global&amp;utm_product=multiple_products\">Veritas<\/a> de amplificadores mezcladores inteligentes y el Forum Serie de altavoces de alto rendimiento. Veritas Reconocido recientemente con los premios <a href=\"https:\/\/www.ravepubs.com\/ise-2025-best-innovations-award-winners\/\" target=\"_blank\" rel=\"noopener\">al Mejor Producto de Audio Nuevo<\/a> y <a href=\"https:\/\/www.avnetwork.com\/news\/winners-announced-for-best-of-show-at-integrated-systems-europe-2025-for-av-technology\" target=\"_blank\" rel=\"noopener\">al Mejor Producto de la Exposici\u00f3n<\/a> en <a href=\"https:\/\/www.iseurope.org\/\" target=\"_blank\" rel=\"noopener\">ISE 2025<\/a> , ofrece una claridad excepcional y un funcionamiento intuitivo para m\u00fasica de fondo, megafon\u00eda y aplicaciones multimedia. La nueva serie <a href=\"https:\/\/boseprofessional.com\/es\/solutions\/forum-full-range-point-source-coaxial-loudspeaker\/?utm_campaign=infocomm_2025&amp;utm_medium=owned_pr&amp;utm_source=press_release&amp;utm_term=awareness&amp;utm_content=fy26_press_releases&amp;utm_geography=global&amp;utm_product=multiple_products\">Forum<\/a> supera las expectativas, ofreciendo una fidelidad y una salida sorprendentemente altas en un formato compacto y f\u00e1cil de instalar, con un rendimiento excepcional en su tama\u00f1o y precio.<\/p>\n<p>Visitantes a Bose Professional El stand de tambi\u00e9n podr\u00e1 presentar el <a href=\"https:\/\/boseprofessional.com\/es\/infocomm\/?utm_campaign=infocomm_2025&amp;utm_medium=owned_pr&amp;utm_source=press_release&amp;utm_term=awareness&amp;utm_content=fy26_press_releases&amp;utm_geography=global&amp;utm_product=multiple_products\">DesignMax Luna DML88P<\/a> , un sistema de altavoces colgantes de rango extendido que se lanzar\u00e1 a finales de este a\u00f1o. Dise\u00f1ado para ofrecer un sonido profundo y n\u00edtido de hasta 40 Hz con una cobertura equilibrada de 360\u00b0, incluso en los entornos con techos abiertos m\u00e1s exigentes ac\u00fasticamente. Ideal para tiendas, restaurantes, cervecer\u00edas y gimnasios. Luna Combina una est\u00e9tica elegante con un conjunto de anillos patentado de ocho altavoces de 2 pulgadas y un woofer integrado de 8\u201d, lo que reduce la cantidad de parlantes y mejora la cobertura y la claridad.<\/p>\n<p>Bose Professional Tambi\u00e9n se mostrar\u00e1n las \u00faltimas incorporaciones a las familias de altavoces <a href=\"https:\/\/boseprofessional.com\/es\/solutions\/edgemax-proprietary-directional-loudspeakers\/?utm_campaign=infocomm_2025&amp;utm_medium=owned_pr&amp;utm_source=press_release&amp;utm_term=awareness&amp;utm_content=fy26_press_releases&amp;utm_geography=global&amp;utm_product=multiple_products\">EdgeMax<\/a> y <a href=\"https:\/\/boseprofessional.com\/es\/solutions\/amu-multi-use-loudspeaker-series\/?utm_campaign=infocomm_2025&amp;utm_medium=owned_pr&amp;utm_source=press_release&amp;utm_term=awareness&amp;utm_content=fy26_press_releases&amp;utm_geography=global&amp;utm_product=multiple_products\">AMU<\/a> , las actualizaciones de software para los amplificadores <a href=\"https:\/\/boseprofessional.com\/es\/solutions\/powersharex-smart-power-amplifiers\/?utm_campaign=infocomm_2025&amp;utm_medium=owned_pr&amp;utm_source=press_release&amp;utm_term=awareness&amp;utm_content=fy26_press_releases&amp;utm_geography=global&amp;utm_product=multiple_products\">PowerShareX<\/a> y el <a href=\"https:\/\/boseprofessional.com\/es\/solutions\/controlspace-ecosystem\/?utm_campaign=infocomm_2025&amp;utm_medium=owned_pr&amp;utm_source=press_release&amp;utm_term=awareness&amp;utm_content=fy26_press_releases&amp;utm_geography=global&amp;utm_product=multiple_products\">ecosistema ControlSpace<\/a> , incluida la <a href=\"https:\/\/boseprofessional.com\/es\/products\/software\/system-design-control\/controlspace-cloud\/?utm_campaign=infocomm_2025&amp;utm_medium=owned_pr&amp;utm_source=press_release&amp;utm_term=awareness&amp;utm_content=fy26_press_releases&amp;utm_geography=global&amp;utm_product=multiple_products\">plataforma ControlSpace Cloud<\/a> , as\u00ed como los modelos m\u00e1s vendidos de la DesignMax , FreeSpace Las familias S1 y F1 de altavoces <a href=\"https:\/\/boseprofessional.com\/es\/product-category\/loudspeakers\/pendant-mount\/?utm_campaign=infocomm_2025&amp;utm_medium=owned_pr&amp;utm_source=press_release&amp;utm_term=awareness&amp;utm_content=fy26_press_releases&amp;utm_geography=global&amp;utm_product=multiple_products\">colgantes<\/a> , <a href=\"https:\/\/boseprofessional.com\/es\/product-category\/loudspeakers\/surface-mount\/?utm_campaign=infocomm_2025&amp;utm_medium=owned_pr&amp;utm_source=press_release&amp;utm_term=awareness&amp;utm_content=fy26_press_releases&amp;utm_geography=global&amp;utm_product=multiple_products\">de superficie<\/a> , <a href=\"https:\/\/boseprofessional.com\/es\/product-category\/loudspeakers\/ceiling-mount\/?utm_campaign=infocomm_2025&amp;utm_medium=owned_pr&amp;utm_source=press_release&amp;utm_term=awareness&amp;utm_content=fy26_press_releases&amp;utm_geography=global&amp;utm_product=multiple_products\">de techo<\/a> y <a href=\"https:\/\/boseprofessional.com\/es\/product-category\/portable-pa\/?utm_campaign=infocomm_2025&amp;utm_medium=owned_pr&amp;utm_source=press_release&amp;utm_term=awareness&amp;utm_content=fy26_press_releases&amp;utm_geography=global&amp;utm_product=multiple_products\">port\u00e1tiles<\/a> .<\/p>\n<p>\u201cA medida que continuamos trazando nuestro rumbo como empresa independiente, nuestra presencia en InfoComm marca un hito emocionante para Bose Professional \u2014una definida por la innovaci\u00f3n, el impulso y una colaboraci\u00f3n m\u00e1s profunda\u201d, afirm\u00f3 Jim Schanz, vicepresidente de ventas para las Am\u00e9ricas. \u201cLa gama de productos nuevos y galardonados que presentamos y presentamos en la feria es emocionante, diversa y ha sido dise\u00f1ada para resolver los problemas m\u00e1s comunes que enfrentan nuestros clientes. Son conversaciones como las que tenemos en InfoComm que impulsan este nivel de colaboraci\u00f3n y asociaci\u00f3n de productos. Estamos creciendo r\u00e1pidamente como empresa independiente y nos comprometemos a crecer de la manera correcta: escuchando, resolviendo problemas y construyendo relaciones duraderas.<\/p>\n<p>Forum , EdgeMax , y el nuevo DesignMax Luna Altavoces alimentados por Veritas y PowerShareX amplificadores\u2014se presentar\u00e1n en demostraciones programadas durante todo el evento en la sala de demostraci\u00f3n W224D, a solo unos pasos de Bose Professional El stand de en la Sala de Audio. El jueves 12 de junio, Bose Professional Tambi\u00e9n se organizar\u00e1n dos sesiones de capacitaci\u00f3n de una hora: \u201cDise\u00f1o para impresionar\u201d a las 11 a. m. y \u201cCreaci\u00f3n de programas de capacitaci\u00f3n modulares para audiencias diversas\u201d a las 12 p. m. Los asistentes pueden registrarse para las sesiones en el stand.<\/p>\n<p>Para obtener m\u00e1s informaci\u00f3n sobre Bose Professional productos, visite <a href=\"https:\/\/boseprofessional.com\/es\/?utm_campaign=infocomm_2025&amp;utm_medium=owned_pr&amp;utm_source=press_release&amp;utm_term=awareness&amp;utm_content=fy26_press_releases&amp;utm_geography=global&amp;utm_product=multiple_products\">BoseProfessional.com<\/a> .<\/p>\n<p><span data-ccp-props=\"{&quot;134233117&quot;:false,&quot;134233118&quot;:false,&quot;201341983&quot;:0,&quot;335551550&quot;:1,&quot;335551620&quot;:1,&quot;335559685&quot;:0,&quot;335559737&quot;:0,&quot;335559738&quot;:0,&quot;335559739&quot;:0,&quot;335559740&quot;:279}\">\u00a0<\/span><\/p>\n<p><\/p>\n<p class=\"has-small-font-size\"><strong>Contacto de prensa:<\/strong> <br \/>Bose Professional<br \/> <a href=\"mailto:BoseProfessional@boseprofessional.com\">BoseProfessional@boseprofessional.com<br \/><\/a> <a href=\"https:\/\/www.boseprofessional.com\">BoseProfessional.com<\/a><\/p>\n<p><\/p>\t\t\t\t\t\t\t\t<\/div>\n\t\t\t\t<\/div>\n\t\t\t\t\t<\/div>\n\t\t\t\t<\/div>\n\t\t\t\t<\/div>\n\t\t","protected":false},"featured_media":163680,"template":"","format":"standard","class_list":["post-163678","pressroom","type-pressroom","status-publish","format-standard","has-post-thumbnail","hentry"],"acf":[],"_links":{"self":[{"href":"https:\/\/boseprofessional.com\/es\/wp-json\/wp\/v2\/pressroom\/163678","targetHints":{"allow":["GET"]}}],"collection":[{"href":"https:\/\/boseprofessional.com\/es\/wp-json\/wp\/v2\/pressroom"}],"about":[{"href":"https:\/\/boseprofessional.com\/es\/wp-json\/wp\/v2\/types\/pressroom"}],"version-history":[{"count":3,"href":"https:\/\/boseprofessional.com\/es\/wp-json\/wp\/v2\/pressroom\/163678\/revisions"}],"predecessor-version":[{"id":163686,"href":"https:\/\/boseprofessional.com\/es\/wp-json\/wp\/v2\/pressroom\/163678\/revisions\/163686"}],"wp:featuredmedia":[{"embeddable":true,"href":"https:\/\/boseprofessional.com\/es\/wp-json\/wp\/v2\/media\/163680"}],"wp:attachment":[{"href":"https:\/\/boseprofessional.com\/es\/wp-json\/wp\/v2\/media?parent=163678"}],"curies":[{"name":"wp","href":"https:\/\/api.w.org\/{rel}","templated":true}]}}