{"id":149131,"date":"2025-02-03T22:27:12","date_gmt":"2025-02-03T22:27:12","guid":{"rendered":"https:\/\/boseprofessional.com\/?post_type=pressroom&#038;p=149131"},"modified":"2025-04-10T12:36:35","modified_gmt":"2025-04-10T12:36:35","slug":"passion-sounds-better-bose-professional-showcases-new-solutions-and-previews-upcoming-releases-at-ise-2025","status":"publish","type":"pressroom","link":"https:\/\/boseprofessional.com\/es\/company\/newsroom\/2025\/passion-sounds-better-bose-professional-showcases-new-solutions-and-previews-upcoming-releases-at-ise-2025\/","title":{"rendered":"Passion Sounds Better: Bose Professional Showcases New Solutions and Previews Upcoming Releases at ISE 2025"},"content":{"rendered":"\t\t<div data-elementor-type=\"wp-post\" data-elementor-id=\"149131\" class=\"elementor elementor-149131\" data-elementor-post-type=\"pressroom\">\n\t\t\t\t<div data-particle_enable=\"false\" data-particle-mobile-disabled=\"false\" class=\"elementor-element elementor-element-3a65e3b9 e-flex e-con-boxed e-con e-parent\" data-id=\"3a65e3b9\" data-element_type=\"container\">\n\t\t\t\t\t<div class=\"e-con-inner\">\n\t\t\t\t<div class=\"elementor-element elementor-element-67fbf26d elementor-widget elementor-widget-text-editor\" data-id=\"67fbf26d\" data-element_type=\"widget\" data-widget_type=\"text-editor.default\">\n\t\t\t\t<div class=\"elementor-widget-container\">\n\t\t\t\t\t\t\t\t\t\n<p><strong>HOPKINTON, Mass. \u2013 4 de febrero de 2025 \u2013<\/strong> <a href=\"https:\/\/www.boseprofessional.com\/?utm_campaign=fy25%20press%20releases&amp;utm_medium=owned_pr&amp;utm_source=press%20release&amp;utm_term=awareness&amp;utm_content=ise%202025%20press%20release&amp;utm_geography=global\">Bose Professional<\/a> , desarrollador de experiencias de audio de clase mundial dise\u00f1adas para transformar cualquier espacio, exhibir\u00e1 una lista de nuevos productos y soluciones de audio profesional galardonadas en <a href=\"https:\/\/www.boseprofessional.com\/ise-2025?utm_campaign=fy25%20press%20releases&amp;utm_medium=owned_pr&amp;utm_source=press%20release&amp;utm_term=awareness&amp;utm_content=ise%202025%20press%20release&amp;utm_geography=global\">Integrated Systems Europe (ISE) 2025<\/a> , la exposici\u00f3n anual para la industria de integraci\u00f3n de sistemas y AV en Fira de Barcelona del 4 al 7 de febrero de 2025, en Barcelona, Espa\u00f1a.<\/p>\n\n<p>Bose Professional Presentar\u00e1 un ecosistema completo de altavoces, electr\u00f3nica, software y servicios en el stand 3N200 de ISE, en el pabell\u00f3n multitecnol\u00f3gico, incluyendo un vistazo exclusivo a los nuevos altavoces y hardware de alto rendimiento que se lanzar\u00e1n m\u00e1s adelante este a\u00f1o. Expertos en productos realizar\u00e1n demostraciones programadas cada 30 minutos en una sala espec\u00edfica dentro del stand.<\/p>\n\n<p>Los asistentes a ISE tendr\u00e1n la oportunidad de experimentar los altavoces direccionales patentados <a href=\"https:\/\/www.boseprofessional.com\/solutions\/edgemax-proprietary-directional-loudspeakers?utm_campaign=fy25%20press%20releases&amp;utm_medium=owned_pr&amp;utm_source=press%20release&amp;utm_term=awareness&amp;utm_content=ise%202025%20press%20release&amp;utm_geography=global&amp;utm_product=edgemax\">EdgeMax LP<\/a> , que combinan el rendimiento de un sistema de montaje en superficie con el formato de un producto de techo. Tambi\u00e9n se exhibir\u00e1n los nuevos altavoces <a href=\"https:\/\/www.boseprofessional.com\/products\/loudspeakers\/surface-mount\/amu\/arenamatch-amu108-120-compact-high-performance-loudspeaker?utm_campaign=fy25%20press%20releases&amp;utm_medium=owned_pr&amp;utm_source=press%20release&amp;utm_term=awareness&amp;utm_content=ise%202025%20press%20release&amp;utm_geography=global&amp;utm_product=amu_loudspeakers\">AMU108-120<\/a> y <a href=\"https:\/\/www.boseprofessional.com\/products\/loudspeakers\/surface-mount\/amu\/arenamatch-amu208-120-compact-high-performance-loudspeaker?utm_campaign=fy25%20press%20releases&amp;utm_medium=owned_pr&amp;utm_source=press%20release&amp;utm_term=awareness&amp;utm_content=ise%202025%20press%20release&amp;utm_geography=global&amp;utm_product=arenamatch\">AMU208-120<\/a> , que ofrecen amplia cobertura, alta salida, excepcional claridad vocal y una rica profundidad musical para diversas aplicaciones.<\/p>\n\n<p>Bose Professional exhibir\u00e1 dos novedades en el ecosistema de gesti\u00f3n de audio <a href=\"https:\/\/www.boseprofessional.com\/solutions\/controlspace-ecosystem?utm_campaign=fy25%20press%20releases&amp;utm_medium=owned_pr&amp;utm_source=press%20release&amp;utm_term=awareness&amp;utm_content=ise%202025%20press%20release&amp;utm_geography=global&amp;utm_product=controlspace_ecosystem\">ControlSpace<\/a> : <a href=\"https:\/\/www.boseprofessional.com\/solutions\/cloud-promo?utm_campaign=fy25%20press%20releases&amp;utm_medium=owned_pr&amp;utm_source=press%20release&amp;utm_term=awareness&amp;utm_content=ise%202025%20press%20release&amp;utm_geography=global&amp;utm_product=controlspace%20cloud\">ControlSpace Cloud<\/a> , un nuevo cloud -servicio de monitoreo de sistemas basado en web y <a href=\"https:\/\/www.boseprofessional.com\/solutions\/accelerator-promo?utm_campaign=fy25%20press%20releases&amp;utm_medium=owned_pr&amp;utm_source=press%20release&amp;utm_term=awareness&amp;utm_content=ise%202025%20press%20release&amp;utm_geography=global&amp;utm_product=controlspace%20accelerator\">ControlSpace Accelerator<\/a> , una herramienta de configuraci\u00f3n automatizada que puede proporcionar un ahorro de tiempo de 5x durante el dise\u00f1o del sistema.<\/p>\n\n<p>Los nuevos avances de productos en ISE 2025 incluyen:<\/p>\n\n<ul class=\"wp-block-list\">\n<li>La <a href=\"https:\/\/www.boseprofessional.com\/ise-2025?utm_campaign=fy25%20press%20releases&amp;utm_medium=owned_pr&amp;utm_source=press%20release&amp;utm_term=awareness&amp;utm_content=ise%202025%20press%20release&amp;utm_geography=global\">serie Veritas<\/a> de mezcladores y amplificadores inteligentes ofrece calidad de sonido, rendimiento y control profesionales para m\u00fasica de fondo y primer plano, megafon\u00eda y multimedia en entornos comerciales peque\u00f1os y medianos. Incluye entrada inal\u00e1mbrica Bluetooth y una intuitiva pantalla OLED con c\u00f3digo QR de inicio r\u00e1pido para simplificar la configuraci\u00f3n y el control. Veritas Los amplificadores admiten mezcla de fuentes, enrutamiento de zonas y silenciamiento de m\u00fasica, mientras que las opciones de control remoto de pared maximizan la versatilidad y la accesibilidad.<\/li>\n\n<li>Disponible en modelos bidireccionales de 8\u2033 y 12\u2033, la <a href=\"https:\/\/www.boseprofessional.com\/ise-2025?utm_campaign=fy25%20press%20releases&amp;utm_medium=owned_pr&amp;utm_source=press%20release&amp;utm_term=awareness&amp;utm_content=ise%202025%20press%20release&amp;utm_geography=global\">serie Forum ,<\/a> anteriormente mostrada como Lyric, de altavoces coaxiales cuenta con controladores de alta excursi\u00f3n que incorporan tecnolog\u00eda Beamwidth Matching Waveguide para una cobertura uniforme de 110\u00b0 \u00d7 60\u00b0 en todo el rango de frecuencia. Forum Ofrece un rendimiento excepcionalmente alto desde un gabinete compacto, brindando un sonido consistente y una precisi\u00f3n milim\u00e9trica, lo que lo hace ideal para una variedad de instalaciones de alto impacto, incluidos eventos corporativos, lugares de espect\u00e1culos y espacios comerciales.<\/li>\n<\/ul>\n\n<p>\u201cComo empresa, estamos incre\u00edblemente orgullosos de nuestro equipo global de profesionales que aportan su experiencia, dedicaci\u00f3n y pasi\u00f3n a todo lo que hacemos\u201d, afirm\u00f3 Hans Vereecken, vicepresidente de ventas internacionales. \u201cDesde nuestra independencia hace dos a\u00f1os, Bose Professional Ha experimentado una transformaci\u00f3n notable, y el empuje y la pasi\u00f3n de nuestros empleados marcan la diferencia cuando los clientes eligen trabajar con nosotros. En pocas palabras, la pasi\u00f3n suena mejor, y se refleja en nuestro compromiso de ofrecer soluciones de sonido excepcionales todos los d\u00edas.<\/p>\n\n<p>ISE es la feria audiovisual profesional m\u00e1s grande y completa de Europa, que re\u00fane a fabricantes, integradores, distribuidores y usuarios finales de todo el mundo para descubrir las \u00faltimas tecnolog\u00edas, productos y servicios. En 2024, ISE reuni\u00f3 a m\u00e1s de 1400 expositores en ocho pabellones y recibi\u00f3 a casi 75\u00a0000 asistentes.<\/p>\n\n<p>Para obtener m\u00e1s informaci\u00f3n sobre Bose Professional productos, visite <a href=\"https:\/\/www.boseprofessional.com\/?utm_campaign=fy25%20press%20releases&amp;utm_medium=owned_pr&amp;utm_source=press%20release&amp;utm_term=awareness&amp;utm_content=ise%202025%20press%20release&amp;utm_geography=global\">BoseProfessional.com<\/a> .<\/p>\n\n<p class=\"has-text-align-center\"># # #<\/p>\n\n<p><strong>Foto 1:<\/strong> Bose Professional _Pasiones_Suena_Mejor_Logo<\/p>\n\n<p><strong>Leyenda de la foto:<\/strong> Logotipo de Passions Sounds Better<\/p>\n\n<p class=\"has-small-font-size\"><strong>Acerca de Bose Professional<\/strong><br> Bose Professional est\u00e1 dedicado a transformar espacios con sonido. Impulsados por la convicci\u00f3n de que la innovaci\u00f3n comienza con la exploraci\u00f3n, nuestro apasionado y dedicado equipo combina la vasta experiencia con un esp\u00edritu de invenci\u00f3n para crear soluciones de audio que mejoran el rendimiento y los entornos comerciales. Desde hoteles y restaurantes hasta templos religiosos, universidades y espacios comerciales, nuestros sistemas ofrecen un rendimiento legendario y son perfectos para dise\u00f1ar, instalar y operar. Durante m\u00e1s de 50 a\u00f1os, nos hemos asociado con integradores audiovisuales, dise\u00f1adores de sistemas, instaladores y consultores de todo el mundo para crear experiencias de audio inolvidables, y estamos reci\u00e9n comenzando.<\/p>\n\n<p class=\"has-small-font-size\"><strong>Contacto de prensa:<\/strong> <br \/>Bose Professional<br \/> <a href=\"mailto:BoseProfessional@boseprofessional.com\">BoseProfessional@boseprofessional.com<br \/><\/a> <a href=\"https:\/\/www.boseprofessional.com\">BoseProfessional.com<\/a><\/p>\n\t\t\t\t\t\t\t\t<\/div>\n\t\t\t\t<\/div>\n\t\t\t\t\t<\/div>\n\t\t\t\t<\/div>\n\t\t\t\t<\/div>\n\t\t","protected":false},"featured_media":149364,"template":"","format":"standard","class_list":["post-149131","pressroom","type-pressroom","status-publish","format-standard","has-post-thumbnail","hentry"],"acf":[],"_links":{"self":[{"href":"https:\/\/boseprofessional.com\/es\/wp-json\/wp\/v2\/pressroom\/149131","targetHints":{"allow":["GET"]}}],"collection":[{"href":"https:\/\/boseprofessional.com\/es\/wp-json\/wp\/v2\/pressroom"}],"about":[{"href":"https:\/\/boseprofessional.com\/es\/wp-json\/wp\/v2\/types\/pressroom"}],"version-history":[{"count":3,"href":"https:\/\/boseprofessional.com\/es\/wp-json\/wp\/v2\/pressroom\/149131\/revisions"}],"predecessor-version":[{"id":159465,"href":"https:\/\/boseprofessional.com\/es\/wp-json\/wp\/v2\/pressroom\/149131\/revisions\/159465"}],"wp:featuredmedia":[{"embeddable":true,"href":"https:\/\/boseprofessional.com\/es\/wp-json\/wp\/v2\/media\/149364"}],"wp:attachment":[{"href":"https:\/\/boseprofessional.com\/es\/wp-json\/wp\/v2\/media?parent=149131"}],"curies":[{"name":"wp","href":"https:\/\/api.w.org\/{rel}","templated":true}]}}