{"id":135766,"date":"2024-11-15T17:58:20","date_gmt":"2024-11-15T17:58:20","guid":{"rendered":"https:\/\/bosepro-dev-test.boseprofessional.com\/?post_type=pressroom&#038;p=135766"},"modified":"2024-11-15T17:58:20","modified_gmt":"2024-11-15T17:58:20","slug":"bose-professional-celebrates-global-expansion-with-dubai-office-grand-opening","status":"publish","type":"pressroom","link":"https:\/\/boseprofessional.com\/es\/company\/newsroom\/2024\/bose-professional-celebrates-global-expansion-with-dubai-office-grand-opening\/","title":{"rendered":"Bose Professional Celebrates Global Expansion with Dubai Office Grand Opening"},"content":{"rendered":"\r\n<p><strong>FRAMINGHAM, Mass. \u2013 15 de noviembre de 2024 \u2013<\/strong> <a href=\"https:\/\/www.boseprofessional.com\/?utm_campaign=fy25%20press%20releases&amp;utm_medium=owned_pr&amp;utm_source=press%20release&amp;utm_term=awareness&amp;utm_content=tokyo%20office%20grand%20opening&amp;utm_geography=global\">Bose Professional ,<\/a> desarrollador de experiencias de audio de clase mundial dise\u00f1adas para transformar cualquier espacio, celebr\u00f3 recientemente la gran inauguraci\u00f3n de una nueva oficina de ventas y centro de experiencias en Dub\u00e1i, Emiratos \u00c1rabes Unidos, con l\u00edderes de la industria y socios de la regi\u00f3n MEA.<\/p>\r\n\r\n\r\n\r\n<p>La oficina de Dub\u00e1i marca la d\u00e9cima nueva ubicaci\u00f3n comercial internacional Bose Professional ha abierto este a\u00f1o, incluidas nuevas oficinas y centros de experiencia en Londres, \u00c1msterdam, Frankfurt, Singapur, Pek\u00edn, Shenzen, Shangh\u00e1i, Osaka y Tokio, con planes de abrir un nuevo Bose Professional sede mundial y Centro de Experiencia a principios del pr\u00f3ximo a\u00f1o en Hopkinton, Massachusetts.<\/p>\r\n\r\n\r\n\r\n<p>Ubicada en el distrito de Sharjah, de r\u00e1pido crecimiento y con f\u00e1cil acceso desde el Aeropuerto Internacional de Dub\u00e1i, la nueva oficina combina espacios de negocios modernos y elegantes y salas de reuniones con un Centro de Experiencia, dise\u00f1ado para educaci\u00f3n y demostraci\u00f3n y que cuenta con Bose Professional L\u00ednea de altavoces, amplificadores de potencia, procesadores, controladores y software de. \u00a0<\/p>\r\n\r\n\r\n\r\n<p>El conjunto Bose Professional El equipo de EMEA tuvo el honor de organizar la ceremonia de inauguraci\u00f3n el 7 de noviembre de 2024, a la que asistieron el director ejecutivo John Maier, el vicepresidente de Ventas Internacionales Hans Vereecken y el director de Ventas para EMEA Nittin Dargan, as\u00ed como distinguidos invitados, l\u00edderes del sector y valiosos socios. El evento incluy\u00f3 discursos, con Maier como invitado de honor, una ceremonia de inauguraci\u00f3n, presentaciones y refrigerios.<\/p>\r\n\r\n\r\n\r\n<p>\u201cEl nuevo Bose Professional \"La oficina y el Centro de Experiencia servir\u00e1n como Centro Regional para mostrar soluciones de audio innovadoras a todos nuestros distribuidores, integradores de sistemas y consultores\", afirm\u00f3 Dargan. \"El nuevo espacio demuestra a\u00fan m\u00e1s nuestro compromiso con la regi\u00f3n MEA. Bose Professional \u201cNuestro equipo y nuestros distribuidores seguir\u00e1n garantizando que nuestros clientes obtengan los mejores productos de su clase, disponibles localmente\u201d.<\/p>\r\n\r\n\r\n\r\n<p>\u201cNuestra misi\u00f3n es ofrecer soluciones y servicios de audio incre\u00edbles a nuestros clientes de todo el mundo\u201d, dijo Maier. \u201cEstoy muy orgulloso de lo que Bose Professional Nuestro equipo, tanto en Dub\u00e1i como en todo el mundo, ha logrado estos hitos operativos en la historia de nuestra empresa. Estoy deseando visitar m\u00e1s oficinas y celebrar m\u00e1s ceremonias a medida que profundizamos nuestro legado de 50 a\u00f1os de colaboraci\u00f3n y continuamos expandiendo nuestra organizaci\u00f3n global.<\/p>\r\n<p>Para obtener m\u00e1s informaci\u00f3n sobre Bose Professional productos, visite <a href=\"https:\/\/www.boseprofessional.com\/\">BoseProfessional.com.<\/a><\/p>\r\n\r\n\r\n\r\n<p class=\"has-text-align-center\"># # #<\/p>\r\n\r\n\r\n\r\n<p><strong>Foto 1:<\/strong> Corte de pastel de la Gran Inauguraci\u00f3n de Dub\u00e1i.jpg<\/p>\r\n\r\n\r\n\r\n<p><strong>Leyenda de la foto:<\/strong> Imagen del comunicado de prensa del corte del pastel de la gran inauguraci\u00f3n de Dub\u00e1i<\/p>\r\n\r\n\r\n\r\n<p class=\"bp_mar-btm-0 {gcl}\"><strong>Acerca de Bose\u00a0Professional<\/strong><\/p>\r\n\r\n\r\n\r\n<p class=\"{gcl}\">Fundada en la creencia de que la innovaci\u00f3n comienza con la exploraci\u00f3n, Bose Professional se dedica a ofrecer la forma m\u00e1s sencilla de lograr un sonido incre\u00edble. El esp\u00edritu innovador de la compa\u00f1\u00eda se centra en crear sistemas f\u00e1ciles de dise\u00f1ar, instalar y operar para aplicaciones de alto rendimiento, comerciales y de conferencias. Estos sistemas se escuchan en todo el mundo: en lugares de trabajo, lugares de culto, universidades, restaurantes, tiendas, hoteles, centros de artes esc\u00e9nicas y m\u00e1s. Durante m\u00e1s de 50 a\u00f1os, Bose Professional La empresa se ha asociado con integradores de AV, dise\u00f1adores de sistemas, instaladores y consultores para crear experiencias de audio inolvidables.<\/p>\r\n\r\n\r\n\r\n<p class=\"{gcl}\"><strong>Contacto de medios:<\/strong><\/p>\r\n\r\n\r\n\r\n<p class=\"{gcl}\">Bose Professional<\/p>\r\n\r\n\r\n\r\n<p><a class=\"{gcl} cc-btn {currentpageclass=static=mailto:boseprofessional@boseprofessional.com}\" href=\"mailto:boseprofessional@boseprofessional.com\">BoseProfessional@boseprofessional.com<\/a><\/p>\r\n\r\n\r\n\r\n<div class=\"{gcl}\">\u00a0<\/div>\r\n\r\n\r\n\r\n<p><a class=\"button-c476016 {gcl} cc-btn {currentpageclass=static=\/en-us}\" href=\"\/es\/en-us\/\">BoseProfessional.com<\/a><\/p>\r\n","protected":false},"featured_media":135770,"template":"","format":"standard","class_list":["post-135766","pressroom","type-pressroom","status-publish","format-standard","has-post-thumbnail","hentry"],"acf":[],"_links":{"self":[{"href":"https:\/\/boseprofessional.com\/es\/wp-json\/wp\/v2\/pressroom\/135766","targetHints":{"allow":["GET"]}}],"collection":[{"href":"https:\/\/boseprofessional.com\/es\/wp-json\/wp\/v2\/pressroom"}],"about":[{"href":"https:\/\/boseprofessional.com\/es\/wp-json\/wp\/v2\/types\/pressroom"}],"version-history":[{"count":2,"href":"https:\/\/boseprofessional.com\/es\/wp-json\/wp\/v2\/pressroom\/135766\/revisions"}],"predecessor-version":[{"id":135771,"href":"https:\/\/boseprofessional.com\/es\/wp-json\/wp\/v2\/pressroom\/135766\/revisions\/135771"}],"wp:featuredmedia":[{"embeddable":true,"href":"https:\/\/boseprofessional.com\/es\/wp-json\/wp\/v2\/media\/135770"}],"wp:attachment":[{"href":"https:\/\/boseprofessional.com\/es\/wp-json\/wp\/v2\/media?parent=135766"}],"curies":[{"name":"wp","href":"https:\/\/api.w.org\/{rel}","templated":true}]}}