{"id":88045,"date":"2023-12-05T18:33:50","date_gmt":"2023-12-05T18:33:50","guid":{"rendered":"https:\/\/uatnew.boseprofessional.com\/?post_type=pressroom&#038;p=88045"},"modified":"2024-02-28T22:02:45","modified_gmt":"2024-02-28T22:02:45","slug":"88045","status":"publish","type":"pressroom","link":"https:\/\/boseprofessional.com\/de\/company\/newsroom\/2023\/88045\/","title":{"rendered":"Bose Professional Announces Adam Shulman to Head Product Management"},"content":{"rendered":"\n<p><strong>FRAMINGHAM, Massachusetts<\/strong> \u2013 <strong>5. Dezember 2023<\/strong> \u2013 <a href=\"https:\/\/boseprofessional.com\/de\/\">Bose Professional<\/a> gab die Bef\u00f6rderung von Adam Shulman zum Director of Product Management bekannt. Diese strategische Weiterentwicklung unterstreicht das Engagement des Unternehmens f\u00fcr seine Kunden und seinen Einsatz f\u00fcr innovative, kundenorientierte Systeml\u00f6sungen. Mit \u00fcber 20 Jahren Erfahrung in Systemdesign und Produktinnovation ist Shulman bestens ger\u00fcstet, um eine neue \u00c4ra der Innovation bei Bose Professional einzuleiten. Bose Professional Die Produktstrategie des Unternehmens wird durch seine Bef\u00f6rderung unterst\u00fctzt. Diese unterstreicht den Fokus des Unternehmens auf technische Exzellenz und Produktqualit\u00e4t.<\/p>\n\n\n\n<p>John Maier, CEO von Bose Professional , brachte sein Vertrauen in Shulmans F\u00e4higkeit zum Ausdruck, die Produktvision des Unternehmens voranzutreiben. \u201eAdam verk\u00f6rpert den Geist von Bose Professional \u201eSein Talent st\u00e4rkt unser Streben nach Exzellenz und Kundenzufriedenheit\u201c, erkl\u00e4rte Maier. \u201eMit seinem einzigartigen Verst\u00e4ndnis f\u00fcr Audiotechnologie und Produktinnovation wird seine F\u00fchrungsrolle entscheidend dazu beitragen, Systeme zu entwickeln, die den Bed\u00fcrfnissen unserer vielf\u00e4ltigen Kundschaft entsprechen und diese sogar antizipieren.\u201c<\/p>\n\n\n\n<p>Adam Shulman, Leiter des Produktmanagements, erkl\u00e4rte: \u201eAls junges Unternehmen blicken wir auf 50 Jahre Erfahrung im professionellen Audiobereich zur\u00fcck. Das bietet uns die seltene Gelegenheit, uns selbst und den Markt mit neuen Augen zu sehen. Ich freue mich sehr, diese Rolle in einer so spannenden Zeit zu \u00fcbernehmen.\u201c Bose Professional \"<\/p>\n\n\n\n<p>Die Bef\u00f6rderung von Shulman in Verbindung mit der k\u00fcrzlichen Ernennung von Kenn LeGault zum Vizepr\u00e4sidenten f\u00fcr Ingenieurwesen spiegelt eine konzertierte Anstrengung von Bose Professional Um seine f\u00fchrende Position in der Branche weiter auszubauen, best\u00e4tigen diese Entwicklungen die langj\u00e4hrige Tradition des Unternehmens und seine dynamische Wachstumsstrategie f\u00fcr die Zukunft.<\/p>\n\n\n\n<p>Weitere Einzelheiten finden Sie unter Bose Professional F\u00fcr Informationen zu F\u00fchrungskr\u00e4ften und Produktangeboten von Bose besuchen Sie bitte <a href=\"https:\/\/boseprofessional.com\/de\/\">BoseProfessional.com<\/a> .<\/p>\n\n\n\n<p class=\"has-text-align-center\"># # #<\/p>\n\n\n\n<p><strong>Foto 1:<\/strong> BoseProfessional_AdamShulman.jpg<\/p>\n\n\n\n<p><strong>Bildunterschrift:<\/strong> Adam Shulman, Direktor f\u00fcr Produktmanagement bei Bose Professional<\/p>\n\n\n\n<div class=\"{gcl}\"><\/div>\n\n\n\n<p class=\"bp_mar-btm-0 {gcl}\"><strong>Um Bose Professional<\/strong><\/p>\n\n\n\n<p class=\"{gcl}\"><br><\/p>\n\n\n\n<p class=\"{gcl}\"><strong>Medienkontakt:<\/strong><\/p>\n\n\n\n<p class=\"{gcl}\">Bose Professional<\/p>\n\n\n\n<a class=\"{gcl} cc-btn {currentpageclass=static=mailto:boseprofessional@boseprofessional.com}\" href=\"mailto:boseprofessional@boseprofessional.com\">BoseProfessional@boseprofessional.com<\/a>\n\n\n\n<div class=\"{gcl}\"><\/div>\n\n\n\n<a class=\"button-c476016 {gcl} cc-btn {currentpageclass=static=\/en-us}\" href=\"\/de\/en-us\/\">https:\/\/www.boseprofessional.com<\/a>\n","protected":false},"featured_media":88046,"template":"","format":"standard","class_list":["post-88045","pressroom","type-pressroom","status-publish","format-standard","has-post-thumbnail","hentry"],"acf":[],"_links":{"self":[{"href":"https:\/\/boseprofessional.com\/de\/wp-json\/wp\/v2\/pressroom\/88045","targetHints":{"allow":["GET"]}}],"collection":[{"href":"https:\/\/boseprofessional.com\/de\/wp-json\/wp\/v2\/pressroom"}],"about":[{"href":"https:\/\/boseprofessional.com\/de\/wp-json\/wp\/v2\/types\/pressroom"}],"version-history":[{"count":0,"href":"https:\/\/boseprofessional.com\/de\/wp-json\/wp\/v2\/pressroom\/88045\/revisions"}],"wp:featuredmedia":[{"embeddable":true,"href":"https:\/\/boseprofessional.com\/de\/wp-json\/wp\/v2\/media\/88046"}],"wp:attachment":[{"href":"https:\/\/boseprofessional.com\/de\/wp-json\/wp\/v2\/media?parent=88045"}],"curies":[{"name":"wp","href":"https:\/\/api.w.org\/{rel}","templated":true}]}}