{"id":5587,"date":"2021-09-14T09:21:00","date_gmt":"2021-09-14T09:21:00","guid":{"rendered":"https:\/\/uatnew.boseprofessional.com\/?post_type=pressroom&#038;p=5587"},"modified":"2024-03-04T14:09:47","modified_gmt":"2024-03-04T14:09:47","slug":"expands-technology-lenovo","status":"publish","type":"pressroom","link":"https:\/\/boseprofessional.com\/de\/company\/newsroom\/2021\/expands-technology-lenovo\/","title":{"rendered":"Bose Professional Expands Meeting Room Technology with Lenovo"},"content":{"rendered":"\n<h2 class=\"{gcl}\">Durch Zusammenarbeit werden f\u00fchrende, intuitive Konferenzl\u00f6sungen f\u00fcr eine Vielzahl von Raumkonfigurationen verf\u00fcgbar.<\/h2>\n\n\n\n<div class=\"{gcl}\"><\/div>\n\n\n\n<p><strong>FRAMINGHAM, Massachusetts \u2013 14. September 2021 \u2013<\/strong> Als Antwort auf die Anforderungen der neuen \u00c4ra des hybriden Arbeitens hat <a href=\"\/de\/en-us\/\" data-type=\"URL\" data-id=\"https:\/\/www.boseprofessional.com\">Bose Professional<\/a> die Effizienz des Arbeitsplatzes erweitert und seine neuesten Kooperationsbem\u00fchungen mit Lenovo bekannt gegeben. Bose Professional Arbeitsplatzl\u00f6sungen wie die Videobar <sup>\u2122<\/sup> VB1 Das All-in-One-USB-Konferenzger\u00e4t und die Deckenlautsprecherl\u00f6sungen ES1 und DS4 bieten Einfachheit und Klarheit von Bose Professional bis hin zu allt\u00e4glichen Konferenzen. Nun, diese Bose Professional Die Arbeitsprodukte k\u00f6nnen mit <a href=\"https:\/\/news.lenovo.com\/pressroom\/press-releases\/lenovo-thinksmart-core-now-available-globally\/\" target=\"_blank\" rel=\"noopener\">der Lenovo <sup>\u2122<\/sup> ThinkSmart Core <sup>\u2122<\/sup> + Controller-L\u00f6sung<\/a> in Microsoft Teams Rooms kombiniert werden \u2013 was Meetings durch die Ein-Tasten-Steuerung vereinfacht.\u00a0<\/p>\n\n\n\n<p>Lenovo ThinkSmart Core ist Lenovos erstes speziell entwickeltes, modulares Raum-Kit mit einem neuen, kompakteren Formfaktor und Premium-Design. Das ThinkSmart Core-Ger\u00e4t wird von einem Intel\u00ae Core <sup>\u2122<\/sup> vPro\u00ae Prozessor <sup>der 11.<\/sup> Generation angetrieben und ist zusammen mit dem ThinkSmart Controller, einem 10,1-Zoll-Touchscreen mit USB-C-Anschluss, f\u00fcr Microsoft Teams Rooms zertifiziert.<\/p>\n\n\n\n<p>F\u00fcr kleine Besprechungsr\u00e4ume und Konferenzr\u00e4ume kleiner bis mittlerer Gr\u00f6\u00dfe kann der Lenovo ThinkSmart Core + Controller mit der Videobar kombiniert werden. VB1 Diese kombinierte L\u00f6sung gew\u00e4hrleistet, dass Besprechungsr\u00e4ume schnell mit Premium-Ausstattung einsatzbereit sind. Bose Professional Audio und Video von der Videobar VB1 und nahtlose, umfassende Endger\u00e4te-Rechen- und Steuerungsm\u00f6glichkeiten durch den Lenovo ThinkSmart Core + Controller.<\/p>\n\n\n\n<p>F\u00fcr gr\u00f6\u00dfere Besprechungsr\u00e4ume kann der Lenovo ThinkSmart Core + Controller entweder mit dem Bose Professional ES1- oder DS4-Deckenlautsprecherl\u00f6sungen. F\u00fcr integrierte R\u00e4ume eignen sich sowohl die Bose Professional Die L\u00f6sungen ES1 und DS4 sorgen daf\u00fcr, dass Mikrofone nicht auf dem Tisch stehen, und bieten gleichzeitig klaren, verst\u00e4ndlichen Klang, damit sich die Meetingteilnehmer auf das Wesentliche konzentrieren k\u00f6nnen. In Kombination mit dem ThinkSmart Core + Controller erhalten die Nutzer eine \u00fcbersichtliche und intuitive One-Touch-Oberfl\u00e4che, die ihnen volle Kontrolle erm\u00f6glicht.<\/p>\n\n\n\n<p>\u201e Bose Professional \u201eArbeitsl\u00f6sungen bieten ein wirklich benutzerfreundliches Konferenzerlebnis. Die Technologie im Konferenzraum muss transparent, intuitiv und sofort verf\u00fcgbar sein\u201c, sagte Martin Bodley, Direktor und globaler Leiter von Bose Professional Arbeit. \u201eUnsere Zusammenarbeit mit Lenovo ist ein weiterer Weg, auf dem Bose sein Angebot erweitert, um flexiblere Optionen zur individuellen Gestaltung von Konferenzr\u00e4umen anzubieten.\u201c<\/p>\n\n\n\n<p class=\"bp_mar-btm-0\">Bose arbeitet mit einer Vielzahl von Branchenf\u00fchrern zusammen, um Interoperabilit\u00e4t zu gew\u00e4hrleisten und bestm\u00f6gliche Meeting-L\u00f6sungen f\u00fcr unterschiedlichste Anforderungen bereitzustellen \u2013 f\u00fcr ein optimales UC-Erlebnis. Um mehr dar\u00fcber zu erfahren, Bose Professional Partnernetzwerk, besuchen Sie <a href=\"https:\/\/boseprofessional.com\/de\/company\/technology-alliances\/\">BoseProfessional.com\/Lenovo<\/a> .<\/p>\n\n\n\n<div class=\"{gcl}\">\n<p class=\"bp_mar-btm-0\">###<\/p>\n<\/div>\n\n\n\n<p><strong>Fotodatei 1:<\/strong> Bose Professional VB1 -ThinkSmart-Teams.jpg<\/p>\n\n\n\n<p><strong>Bildunterschrift 1:<\/strong> Bose Professional Videobar <sup>\u2122<\/sup> VB1 Das All-in-One-USB-Konferenzger\u00e4t und die Lenovo ThinkSmart Core + Controller-L\u00f6sung in Microsoft Teams Rooms vereinfachen Meetings durch die Ein-Tasten-Steuerung.<\/p>\n\n\n\n<div class=\"{gcl}\"><\/div>\n\n\n\n<p class=\"bp_mar-btm-0 {gcl}\"><strong><strong>Um Bose Professional<\/strong><\/strong><\/p>\n\n\n\n<p class=\"{gcl}\"><br><\/p>\n\n\n\n<div class=\"{gcl}\"><\/div>\n\n\n\n<p class=\"{gcl}\"><strong>Medienkontakt:<\/strong><\/p>\n\n\n\n<p class=\"{gcl}\">Bose Professional<\/p>\n\n\n\n<p class=\"{gcl}\">+49\u00a0(0)6172\u00a07104-751<\/p>\n\n\n\n<div class=\"{gcl}\">\n<a class=\"{gcl} cc-btn {currentpageclass=static=mailto:boseprofessional@boseprofessional.com}\" href=\"mailto:boseprofessional@boseprofessional.com\">BoseProfessional@boseprofessional.com<\/a>\n\n\n\n<div class=\"{gcl}\"><\/div>\n\n\n\n<a class=\"button-c476016 {gcl} cc-btn {currentpageclass=static=\/en-us}\" href=\"\/de\/en-us\/\">https:\/\/www.boseprofessional.com<\/a>\n<\/div>\n","protected":false},"featured_media":20851,"template":"","format":"standard","class_list":["post-5587","pressroom","type-pressroom","status-publish","format-standard","has-post-thumbnail","hentry"],"acf":[],"_links":{"self":[{"href":"https:\/\/boseprofessional.com\/de\/wp-json\/wp\/v2\/pressroom\/5587","targetHints":{"allow":["GET"]}}],"collection":[{"href":"https:\/\/boseprofessional.com\/de\/wp-json\/wp\/v2\/pressroom"}],"about":[{"href":"https:\/\/boseprofessional.com\/de\/wp-json\/wp\/v2\/types\/pressroom"}],"version-history":[{"count":0,"href":"https:\/\/boseprofessional.com\/de\/wp-json\/wp\/v2\/pressroom\/5587\/revisions"}],"wp:featuredmedia":[{"embeddable":true,"href":"https:\/\/boseprofessional.com\/de\/wp-json\/wp\/v2\/media\/20851"}],"wp:attachment":[{"href":"https:\/\/boseprofessional.com\/de\/wp-json\/wp\/v2\/media?parent=5587"}],"curies":[{"name":"wp","href":"https:\/\/api.w.org\/{rel}","templated":true}]}}