{"id":5506,"date":"2020-03-18T04:55:00","date_gmt":"2020-03-18T04:55:00","guid":{"rendered":"https:\/\/uatnew.boseprofessional.com\/?post_type=pressroom&#038;p=5506"},"modified":"2024-09-16T13:28:14","modified_gmt":"2024-09-16T13:28:14","slug":"songwriter-camps","status":"publish","type":"pressroom","link":"https:\/\/boseprofessional.com\/de\/company\/newsroom\/2020\/songwriter-camps\/","title":{"rendered":"SongWriter Camps Employ Bose Professional L1 Compact System"},"content":{"rendered":"\n<h2 class=\"heading-c40e154 {gcl}\"><\/h2>\n\n\n\n<div class=\"{gcl}\"><\/div>\n\n\n\n<p>Als die Mitbegr\u00fcnder <a href=\"https:\/\/www.songwritercamps.com\/\" target=\"_blank\" rel=\"noreferrer noopener\">der SongWriter Camps,<\/a> Richard Harris und Pam Sheyne, im Oktober 2018 ihr erstes Event veranstalteten, war die Resonanz \u00fcberw\u00e4ltigend: Nachwuchskomponisten lernten in dreit\u00e4gigen Intensivkursen im Ace Hotel in Palm Springs unter der Anleitung von Musikprofis das Songwriting und die Arbeitsweise in der Zusammenarbeit kennen. Am Ende jedes Tages wurden die entstandenen Songs live \u00fcber ein L1 Compact PA-System von Bose pr\u00e4sentiert. Die SongWriter Camps erfreuen sich gro\u00dfer Beliebtheit, und das n\u00e4chste Camp findet vom 14. bis 17. September 2020 statt. Weitere Informationen und die M\u00f6glichkeit zur Anmeldung finden Sie unter <a href=\"http:\/\/www.songwritercamps.com\" target=\"_blank\" rel=\"noreferrer noopener\">www.songwritercamps.com<\/a> .<\/p>\n\n\n\n<p>\u201eWir haben bis zu drei Dutzend Sch\u00fcler in einer Klasse, so wie im Mai [2019], und sie werden in Dreiergruppen aufgeteilt. Jede Gruppe wird von einem Mentor betreut und erh\u00e4lt eine Schreibaufgabe\u201c, erkl\u00e4rt Harris, selbst ein erfolgreicher Songwriter und Komponist. \u201eAm Ende jedes Tages pr\u00e4sentiert jede Gruppe ihre Lieder den anderen. Der Bose L1 Compact ist daf\u00fcr die perfekte Technologie.\u201c<\/p>\n\n\n\n<p>Ein kleiner Raum mit Balkon dient als Kulisse f\u00fcr diese Auftritte. Der Klang des L1 Compact sei hervorragend, sagt Harris, aber das sei erst der Anfang. \u201eEr klingt gro\u00dfartig und hat die perfekte Gr\u00f6\u00dfe f\u00fcr den Raum und die Gruppen. Er ist sehr transportabel f\u00fcr den Einsatz im Hotel und bietet uns dar\u00fcber hinaus viele n\u00fctzliche Funktionen\u201c, erkl\u00e4rt er. Dazu geh\u00f6rt unter anderem die integrierte ToneMatch Die Signalverarbeitung und zEQ erm\u00f6glichen es ihm, jeden Kanal vor den Auftritten f\u00fcr bestimmte Mikrofone vorzubereiten. \u201eIch habe spezielle Presets f\u00fcr Gitarren, Klavier und Gesangsmikrofone sowie ein separates Preset f\u00fcr die Fragerunden mit Gastmusikern w\u00e4hrend der Camps\u201c, erkl\u00e4rt er. \u201eEQs und Hall sind sofort einsatzbereit und auf den jeweiligen Raum abgestimmt.\u201c Au\u00dferdem sagt er, dass er und Pam Sheyne die einfache und intuitive Bedienung des L1 Compact sch\u00e4tzen. \u201eUnd es gibt keinerlei R\u00fcckkopplungen\u201c, f\u00fcgt er hinzu. \u201eDer Klang f\u00fcllt den Raum m\u00fchelos. Ich wei\u00df, Pam war anfangs etwas besorgt, da das System so kompakt ist. Aber als ich mir die technischen Daten ansah, wusste ich, dass es alles bieten w\u00fcrde, was wir brauchen \u2013 und noch mehr. Wir freuen uns sehr, dass unsere Sch\u00fcler nach dem Camp wissen, wie ihre Songs klingen sollen, denn genau so wird es gemacht.\u201c Bose Professional l\u00e4sst sie klingen.\u201c<\/p>\n\n\n\n<p>Weitere Informationen finden Sie unter <a href=\"https:\/\/boseprofessional.com\/de\/product-category\/portable-pa\/powered-loudspeakers\/l1-powered-loudspeakers\/\">BoseProfessional.com\/L1<\/a> .<\/p>\n\n\n\n<div class=\"{gcl}\">\n\n<p class=\"bp_mar-btm-0\">###<\/p>\n\n<\/div>\n\n\n\n<p><strong>Fotodatei 1:<\/strong> SongWriterCamps_GroupPhoto.jpg<\/p>\n\n\n\n<p><strong>Bildunterschrift 1:<\/strong> Bose Professional ControlSpace EX-440C Konferenzsignalprozessor, EdgeMax EM180 Deckenlautsprecher PowerSpace Der Verst\u00e4rker P2600A und das Mikrofon Sennheiser TeamConnect Ceiling 2 (TCC2) schaffen einen zuverl\u00e4ssigen, UC-zertifizierten Besprechungsraum.<\/p>\n\n\n\n<div class=\"{gcl}\"><\/div>\n\n\n\n<p class=\"bp_mar-btm-0 {gcl}\"><strong>Um Bose Professional<\/strong><\/p>\n\n\n\n<p class=\"{gcl}\"><br><\/p>\n\n\n\n<div class=\"{gcl}\"><\/div>\n\n\n\n<p class=\"{gcl}\"><strong>Medienkontakt:<\/strong><\/p>\n\n\n\n<p class=\"{gcl}\">Bose Professional<\/p>\n\n\n\n<p class=\"{gcl}\">+49\u00a0(0)6172\u00a07104-751<\/p>\n\n\n\n<div class=\"{gcl}\">\n\n<a class=\"{gcl} cc-btn {currentpageclass=static=mailto:boseprofessional@boseprofessional.com}\" href=\"mailto:boseprofessional@boseprofessional.com\" rel=\"noopener\" target=\"_blank\">boseprofessional@boseprofessional.com<\/a>\n\n\n<div class=\"{gcl}\"><\/div>\n\n\n<a class=\"button-c476016 {gcl} cc-btn {currentpageclass=static=https:\/\/www.boseprofessional.com}\" href=\"https:\/\/www.boseprofessional.com\">https:\/\/www.boseprofessional.com<\/a>\n\n<\/div>\n","protected":false},"featured_media":20715,"template":"","format":"standard","class_list":["post-5506","pressroom","type-pressroom","status-publish","format-standard","has-post-thumbnail","hentry"],"acf":[],"_links":{"self":[{"href":"https:\/\/boseprofessional.com\/de\/wp-json\/wp\/v2\/pressroom\/5506","targetHints":{"allow":["GET"]}}],"collection":[{"href":"https:\/\/boseprofessional.com\/de\/wp-json\/wp\/v2\/pressroom"}],"about":[{"href":"https:\/\/boseprofessional.com\/de\/wp-json\/wp\/v2\/types\/pressroom"}],"version-history":[{"count":1,"href":"https:\/\/boseprofessional.com\/de\/wp-json\/wp\/v2\/pressroom\/5506\/revisions"}],"predecessor-version":[{"id":123249,"href":"https:\/\/boseprofessional.com\/de\/wp-json\/wp\/v2\/pressroom\/5506\/revisions\/123249"}],"wp:featuredmedia":[{"embeddable":true,"href":"https:\/\/boseprofessional.com\/de\/wp-json\/wp\/v2\/media\/20715"}],"wp:attachment":[{"href":"https:\/\/boseprofessional.com\/de\/wp-json\/wp\/v2\/media?parent=5506"}],"curies":[{"name":"wp","href":"https:\/\/api.w.org\/{rel}","templated":true}]}}