{"id":5480,"date":"2020-04-28T03:56:00","date_gmt":"2020-04-28T03:56:00","guid":{"rendered":"https:\/\/uatnew.boseprofessional.com\/?post_type=pressroom&#038;p=5480"},"modified":"2024-09-17T15:32:58","modified_gmt":"2024-09-17T15:32:58","slug":"global-education-center","status":"publish","type":"pressroom","link":"https:\/\/boseprofessional.com\/de\/company\/newsroom\/2020\/global-education-center\/","title":{"rendered":"Bose Professional Expands GlobalEDU Center Resources"},"content":{"rendered":"\n<h2 class=\"{gcl}\">Die neue Website bietet personalisiertes Lernen und erm\u00f6glicht so vertiefte Kenntnisse und F\u00e4higkeiten.<\/h2>\n\n\n\n<div class=\"{gcl}\"><\/div>\n\n\n\n<p><a href=\"\/de\/en-us\/\" data-type=\"link\" data-id=\"https:\/\/www.boseprofessional.com\/\">Bose Professional<\/a> hat k\u00fcrzlich sein erweitertes <a href=\"\/de\/resources\/learning-center\/\">GlobalEDU Center<\/a> er\u00f6ffnet und unterstreicht damit sein wachsendes Engagement im Bereich Schulungen f\u00fcr Integratoren, Systemdesigner und weitere Interessierte. Zu den Funktionen geh\u00f6rt eine intuitive Startseite, auf der Nutzer den Kurskatalog herunterladen, ihren Lernpfad individuell gestalten und ihre Weiterbildung durch multimediale Inhalte erweitern k\u00f6nnen.<\/p>\n\n\n\n<p>Mit \u00fcber 300 Schulungsmodulen bietet sich die M\u00f6glichkeit, vielf\u00e4ltige Kompetenzen zu erweitern und die Branchenanerkennung durch AVIXA CTS-Renewal-Credits zu st\u00e4rken. Die Kurse umfassen eine Vielzahl von Themen in verschiedenen Formaten und unterst\u00fctzen unterschiedliche Lernmethoden \u2013 von fundiertem Produktwissen und Zertifizierungen bis hin zu zielgerichteten Schnelllernvideos.<\/p>\n\n\n\n<p>Um dem jeweiligen Lernstil gerecht zu werden, werden verschiedene Methoden angeboten:<\/p>\n\n\n\n<div><ul><li>Zertifizierungskurse \u2013 Fokussierte Tutorials in einer linearen Reihe mit Wissenstests, die Zertifikate vergeben Bose Professional Abschlusszertifikate und AVIXA CTS-Verl\u00e4ngerungspunkte<\/li><li>On-Demand-Kurse \u2013 Themenspezifische Mikro-Tutorials f\u00fcr schnelles Lernen<\/li><li>Live- und aufgezeichnete Webinare \u2013 Themenspezifische Sitzungen mit Fachexperten<\/li><\/ul><\/div>\n\n\n\n<p>Bose Professional engagiert sich f\u00fcr die professionelle AV-Branche und unterst\u00fctzt vielf\u00e4ltige Weiterbildungsangebote, sei es durch das GlobalEDU Center, in Partnerschaft mit AVIXA oder als Sponsor der <a href=\"https:\/\/www.prosoundtraining.com\/\" target=\"_blank\" rel=\"noreferrer noopener\">SynAudCon<\/a> .<\/p>\n\n\n\n<p>Weitere Informationen finden Sie unter Bose Professional GlobalEDU Center unter <a href=\"\/de\/resources\/learning-center\/\">BoseProfessional.com\/LearningCenter<\/a> .<\/p>\n\n\n\n<div class=\"{gcl}\">\n\n<p class=\"bp_mar-btm-0\">###<\/p>\n\n<\/div>\n\n\n\n<p><strong>Fotodatei 1:<\/strong> Bose Professional Pro_GlobalEDUCenter.jpg<\/p>\n\n\n\n<p><strong>Bildunterschrift 1:<\/strong> Die Bose Professional GlobalEDU Center unterst\u00fctzt Ihre Bildungsziele mit Angeboten in verschiedenen Formaten.<\/p>\n\n\n\n<div class=\"{gcl}\"><\/div>\n\n\n\n<p class=\"bp_mar-btm-0 {gcl}\"><strong><strong><strong>Um Bose Professional<\/strong><\/strong><\/strong><\/p>\n\n\n\n<p class=\"{gcl}\"><br><\/p>\n\n\n\n<div class=\"{gcl}\"><\/div>\n\n\n\n<p class=\"{gcl}\"><strong>Medienkontakt:<\/strong><\/p>\n\n\n\n<p class=\"{gcl}\">Bose Professional<\/p>\n\n\n\n<p class=\"{gcl}\">+49\u00a0(0)6172\u00a07104-751<\/p>\n\n\n\n<div class=\"{gcl}\">\n\n<a class=\"{gcl} cc-btn {currentpageclass=static=mailto:boseprofessional@boseprofessional.com}\" href=\"mailto:boseprofessional@boseprofessional.com\" rel=\"noopener\" target=\"_blank\">boseprofessional@boseprofessional.com<\/a>\n\n\n<div class=\"{gcl}\"><\/div>\n\n\n<a class=\"button-c476016 {gcl} cc-btn {currentpageclass=static=\/en-us}\" href=\"\/de\/en-us\/\">https:\/\/www.boseprofessional.com<\/a>\n\n<\/div>\n","protected":false},"featured_media":20680,"template":"","format":"standard","class_list":["post-5480","pressroom","type-pressroom","status-publish","format-standard","has-post-thumbnail","hentry"],"acf":[],"_links":{"self":[{"href":"https:\/\/boseprofessional.com\/de\/wp-json\/wp\/v2\/pressroom\/5480","targetHints":{"allow":["GET"]}}],"collection":[{"href":"https:\/\/boseprofessional.com\/de\/wp-json\/wp\/v2\/pressroom"}],"about":[{"href":"https:\/\/boseprofessional.com\/de\/wp-json\/wp\/v2\/types\/pressroom"}],"version-history":[{"count":1,"href":"https:\/\/boseprofessional.com\/de\/wp-json\/wp\/v2\/pressroom\/5480\/revisions"}],"predecessor-version":[{"id":123255,"href":"https:\/\/boseprofessional.com\/de\/wp-json\/wp\/v2\/pressroom\/5480\/revisions\/123255"}],"wp:featuredmedia":[{"embeddable":true,"href":"https:\/\/boseprofessional.com\/de\/wp-json\/wp\/v2\/media\/20680"}],"wp:attachment":[{"href":"https:\/\/boseprofessional.com\/de\/wp-json\/wp\/v2\/media?parent=5480"}],"curies":[{"name":"wp","href":"https:\/\/api.w.org\/{rel}","templated":true}]}}