{"id":5474,"date":"2020-05-21T03:39:00","date_gmt":"2020-05-21T03:39:00","guid":{"rendered":"https:\/\/uatnew.boseprofessional.com\/?post_type=pressroom&#038;p=5474"},"modified":"2024-03-06T11:27:55","modified_gmt":"2024-03-06T11:27:55","slug":"es1-in-ceiling-audio-solution","status":"publish","type":"pressroom","link":"https:\/\/boseprofessional.com\/de\/company\/newsroom\/2020\/es1-in-ceiling-audio-solution\/","title":{"rendered":"Bose Professional Delivers the ES1 In-Ceiling Audio Solution, Certified for Microsoft Teams"},"content":{"rendered":"\n<h2 class=\"{gcl}\">Innovativ Bose Professional Sound Technology adressiert eine Vielzahl von Raumgr\u00f6\u00dfen, Designzielen und akustischen Herausforderungen.<\/h2>\n\n\n\n<div class=\"{gcl}\"><\/div>\n\n\n\n<p><a href=\"\/de\/en-us\/\">Bose Professional<\/a> hat heute die Bose Professional Die ES1 Ceiling Audio Solution \u2013 eine leistungsstarke Deckeneinbau-Konferenzl\u00f6sung, optimiert f\u00fcr Unified-Communications-Plattformen \u2013 ist jetzt f\u00fcr Microsoft Teams zertifiziert. Dies bedeutet, dass Microsoft-Kunden die zus\u00e4tzliche Gewissheit haben, dass die Bose Professional Die ES1-Audiol\u00f6sung bietet die ben\u00f6tigte hohe Klangqualit\u00e4t und Kompatibilit\u00e4t. Das ES1-System sorgt f\u00fcr ein transparentes Technologieerlebnis, da keine Audioger\u00e4te an W\u00e4nden oder auf Tischen angebracht werden m\u00fcssen. Gleichzeitig wird sichergestellt, dass jeder im Raum gut h\u00f6ren und geh\u00f6rt werden kann. Das System besteht aus drei Komponenten. Bose Professional Produkte: die ControlSpace EX-440C Dante\u2122-f\u00e4higer Konferenzsignalprozessor, der EdgeMax EM180 Deckeneinbaulautsprecher, der PowerSpace Mit dem Verst\u00e4rker P2600A und dem Mikrofon Sennheiser TeamConnect Ceiling 2 (TCC2) entsteht ein zuverl\u00e4ssiger, modern aussehender Besprechungsraum nahezu jeder Gr\u00f6\u00dfe.<\/p>\n\n\n\n<p>Konferenzen erm\u00f6glichen erfolgreiche Zusammenarbeit dank modernster Technologie. Sie erm\u00f6glichen es Menschen, sich nahtlos zu verbinden und zusammenzuarbeiten, ohne sich Gedanken \u00fcber die Funktionsf\u00e4higkeit der Technik machen zu m\u00fcssen. Der ES1 vereint zwei f\u00fchrende Marken mit Leidenschaft f\u00fcr Audio. Bose Professional und Sennheiser \u2013 um eine UC-zertifizierte Deckeneinbaul\u00f6sung bereitzustellen, die die t\u00e4glich ben\u00f6tigte Audioqualit\u00e4t und Leistung bietet.<\/p>\n\n\n\n<p>\u201eWir freuen uns sehr, eine zuverl\u00e4ssige, transparente Audiol\u00f6sung anbieten zu k\u00f6nnen, die f\u00fcr Microsoft Teams zertifiziert ist\u201c, erkl\u00e4rte Martin Bodley, Direktor und globaler Leiter. Bose Professional Arbeiten bei Bose Professional \u201eZusammenarbeit bedeutet heute, Technologie so einzusetzen, dass sie unsere Arbeitsweise und unseren Arbeitsort unterst\u00fctzt. Das ES1-System bietet ein \u00fcberragendes Klangerlebnis im Raum, sodass Sie sich auf das Wesentliche konzentrieren k\u00f6nnen.\u201c<\/p>\n\n\n\n<p>Ilya Bukshteyn, Partner Director f\u00fcr Microsoft Teams-Ger\u00e4te bei Microsoft Corp., sagte: \u201eMit der Zertifizierung f\u00fcr Microsoft Teams-Ger\u00e4te verfolgen wir das Ziel, unseren Kunden L\u00f6sungen anzubieten, die ein optimales Erlebnis bei Teams-Besprechungen und -Anrufen erm\u00f6glichen. Wir freuen uns, nun mit [Partnername] zusammenzuarbeiten.\u201c Bose Professional mit einer leistungsstarken Decken-Audiol\u00f6sung f\u00fcr Teams-R\u00e4ume. Mit dieser neuen L\u00f6sung in unserem umfassenden Angebot an f\u00fcr Microsoft Teams zertifizierten Systemen kommen wir unserem Ziel, hervorragende Teams-Ger\u00e4te f\u00fcr jeden Raum \u2013 vom Telefonraum bis zum Konferenzraum und \u00fcberall dazwischen \u2013 anzubieten, weiterhin einen Schritt n\u00e4her.<\/p>\n\n\n\n<p>Zusammenarbeit bedeutet, durch Technologie bef\u00e4higt und nicht behindert zu werden. Die ES1 Decken-Audiol\u00f6sung vereint erstklassige Leistung, elegantes Design und ist f\u00fcr Microsoft Teams zertifiziert \u2013 f\u00fcr eine vollst\u00e4ndig integrierte Besprechungsrauml\u00f6sung, die die Zukunft einheitlicher Kommunikationserlebnisse pr\u00e4gen wird.<\/p>\n\n\n\n<p>Weitere Informationen finden Sie unter <a href=\"https:\/\/boseprofessional.com\/de\/product-category\/system-packs\/conferencing-es1\/\">BoseProfessional.com\/ES1solution<\/a> .<\/p>\n\n\n\n<div class=\"{gcl}\">\n<p class=\"bp_mar-btm-0\">###<\/p>\n<\/div>\n\n\n\n<p><strong>Fotodatei 1:<\/strong> BoseProfessional_ES1_Solution.jpg<\/p>\n\n\n\n<p><strong>Bildunterschrift 1:<\/strong> Bose Professional ControlSpace EX-440C Konferenzsignalprozessor, EdgeMax EM180 Deckenlautsprecher PowerSpace Der Verst\u00e4rker P2600A und das Mikrofon Sennheiser TeamConnect Ceiling 2 (TCC2) schaffen einen zuverl\u00e4ssigen, UC-zertifizierten Besprechungsraum.<\/p>\n\n\n\n<div class=\"{gcl}\"><\/div>\n\n\n\n<p class=\"bp_mar-btm-0 {gcl}\"><strong><strong><strong>Um Bose Professional<\/strong><\/strong><\/strong><\/p>\n\n\n\n<p class=\"{gcl}\"><br><\/p>\n\n\n\n<div class=\"{gcl}\"><\/div>\n\n\n\n<p class=\"{gcl}\"><strong>Medienkontakt:<\/strong><\/p>\n\n\n\n<p class=\"{gcl}\">Bose Professional<\/p>\n\n\n\n<p class=\"{gcl}\">+49\u00a0(0)6172\u00a07104-751<\/p>\n\n\n\n<div class=\"{gcl}\">\n<a class=\"{gcl} cc-btn {currentpageclass=static=mailto:boseprofessional@boseprofessional.com}\" href=\"mailto:boseprofessional@boseprofessional.com\">BoseProfessional@boseprofessional.com<\/a>\n\n\n\n<div class=\"{gcl}\"><\/div>\n\n\n\n<a class=\"button-c476016 {gcl} cc-btn {currentpageclass=static=\/en-us}\" href=\"\/de\/en-us\/\">https:\/\/www.boseprofessional.com<\/a>\n<\/div>\n","protected":false},"featured_media":18874,"template":"","format":"standard","class_list":["post-5474","pressroom","type-pressroom","status-publish","format-standard","has-post-thumbnail","hentry"],"acf":[],"_links":{"self":[{"href":"https:\/\/boseprofessional.com\/de\/wp-json\/wp\/v2\/pressroom\/5474","targetHints":{"allow":["GET"]}}],"collection":[{"href":"https:\/\/boseprofessional.com\/de\/wp-json\/wp\/v2\/pressroom"}],"about":[{"href":"https:\/\/boseprofessional.com\/de\/wp-json\/wp\/v2\/types\/pressroom"}],"version-history":[{"count":0,"href":"https:\/\/boseprofessional.com\/de\/wp-json\/wp\/v2\/pressroom\/5474\/revisions"}],"wp:featuredmedia":[{"embeddable":true,"href":"https:\/\/boseprofessional.com\/de\/wp-json\/wp\/v2\/media\/18874"}],"wp:attachment":[{"href":"https:\/\/boseprofessional.com\/de\/wp-json\/wp\/v2\/media?parent=5474"}],"curies":[{"name":"wp","href":"https:\/\/api.w.org\/{rel}","templated":true}]}}