{"id":5462,"date":"2021-12-16T13:41:00","date_gmt":"2021-12-16T13:41:00","guid":{"rendered":"https:\/\/uatnew.boseprofessional.com\/?post_type=pressroom&#038;p=5462"},"modified":"2025-02-27T16:42:24","modified_gmt":"2025-02-27T16:42:24","slug":"lc-packaging-selects-boseprofessional","status":"publish","type":"pressroom","link":"https:\/\/boseprofessional.com\/de\/company\/newsroom\/2021\/lc-packaging-selects-boseprofessional\/","title":{"rendered":"LC Packaging Selects Bose Professional Technology to Support Vision for Global Connectivity and Collaboration"},"content":{"rendered":"\t\t<div data-elementor-type=\"wp-post\" data-elementor-id=\"5462\" class=\"elementor elementor-5462\" data-elementor-post-type=\"pressroom\">\n\t\t\t\t<div data-particle_enable=\"false\" data-particle-mobile-disabled=\"false\" class=\"elementor-element elementor-element-6e03ff3f e-flex e-con-boxed e-con e-parent\" data-id=\"6e03ff3f\" data-element_type=\"container\">\n\t\t\t\t\t<div class=\"e-con-inner\">\n\t\t\t\t<div class=\"elementor-element elementor-element-76da85f2 elementor-widget elementor-widget-text-editor\" data-id=\"76da85f2\" data-element_type=\"widget\" data-widget_type=\"text-editor.default\">\n\t\t\t\t<div class=\"elementor-widget-container\">\n\t\t\t\t\t\t\t\t\t<p><\/p>\n<h2 class=\"{gcl}\">Bose Professional Videobar VB1 Bietet intuitive und m\u00fchelose Interaktionsm\u00f6glichkeiten f\u00fcr Mitarbeiter und Kunden.<\/h2>\n<p><\/p>\n<p><\/p>\n<div class=\"{gcl}\"><\/div>\n<p><\/p>\n<p><\/p>\n<p><strong>FRAMINGHAM, 16. Dezember 2021<\/strong> <strong>\u2013<\/strong> <a href=\"\/de\/en-us\/\">Bose Professional<\/a> wurde von LC Packaging mit der Lieferung der audiovisuellen Technologie f\u00fcr die Realisierung des integrierten, global vernetzten Hauptsitzes beauftragt. Das fast 100 Jahre alte Unternehmen mit Produktionsst\u00e4tten, B\u00fcros und Lagern in 16 L\u00e4ndern will seine Effizienz durch benutzerfreundliche Technologie am neuen Hauptsitz in den Niederlanden steigern.<\/p>\n<p><\/p>\n<p><\/p>\n<p>Ziel des neuen Hauptsitzes war es, einen Raum zu schaffen, der die Einzigartigkeit von LC Packaging hervorhebt und gleichzeitig intuitive M\u00f6glichkeiten f\u00fcr die Mitarbeiter bietet, unkompliziert und direkt mit Kollegen und Kunden weltweit zu kommunizieren. Der f\u00fchrende europ\u00e4ische Systemintegrator <a href=\"https:\/\/www.avex-int.com\/\" target=\"_blank\" rel=\"noreferrer noopener\">AVEX<\/a> arbeitete dabei mit Bose Professional f\u00fcr Design und flexible audiovisuelle L\u00f6sungen, einschlie\u00dflich der Bose Professional Videobar VB1 All-in-One-USB-Konferenzger\u00e4t DesignMax und modulare Lautsprecher, ControlSpace Prozessor.<\/p>\n<p><\/p>\n<p><\/p>\n<p>\u201eUnsere Vorgaben an AVEX waren sehr einfach: Wir sollten ein intelligentes Arbeitsumfeld schaffen, in dem die Menschen m\u00fchelos und effektiv miteinander kommunizieren und zusammenarbeiten k\u00f6nnen\u201c, sagte Nick Jansen, Europadirektor von LC Packaging.<\/p>\n<p><\/p>\n<p><\/p>\n<p>Der Bose Professional Die im gesamten Hauptsitz von LC Packaging zu findende integrierte L\u00f6sung umfasst Folgendes: Bose Professional Videobar VB1 In den Chefetagen befinden sich kleine Besprechungsr\u00e4ume und mittelgro\u00dfe Meetingr\u00e4ume. DesignMax F\u00fcr den flexiblen Schulungsraum werden Deckenlautsprecher verwendet, im mehrstufigen Auditorium hingegen steuerbare Array-Lautsprecher vom Typ MSA12X.<\/p>\n<p><\/p>\n<p><\/p>\n<p>\u201eDie neuen R\u00e4umlichkeiten von LC Packaging verk\u00f6rpern das Bekenntnis zu ihrer Tradition und gew\u00e4hrleisten gleichzeitig eine reibungslose Vernetzung der Mitarbeiter weltweit\u201c, sagte Jeroen Labots, Produktportfoliomanager bei AVEX. \u201eDas Ergebnis der Integration von Bose Professional Es gab zahlreiche Bereiche, in denen die Technologie transparent ist und sich die Menschen auf die Kommunikation und die notwendigen Gespr\u00e4che konzentrieren. Die Mitarbeiter nahmen sie sofort an und nutzten sie.<\/p>\n<p><\/p>\n<p><\/p>\n<p class=\"bp_mar-btm-0\">Weitere Informationen zum LC Packaging-Projekt und seiner kundenspezifischen Audiol\u00f6sung finden Sie unter <a href=\"https:\/\/boseprofessional.com\/de\/applications\/case-studies\/lc-packaging\/\" data-type=\"pressroom\" data-id=\"4635\">BoseProfessional.com\/LCpackaging<\/a> .<\/p>\n<p><\/p>\n<p><\/p>\n<div class=\"{gcl}\"><p><\/p>\n<p class=\"bp_mar-btm-0\">###<\/p>\n<p><\/p><\/div>\n<p><\/p>\n<p><\/p>\n<p><strong>Fotodatei 1:<\/strong> BoseProfessional_LCPackaging Auditorium.jpg<\/p>\n<p><\/p>\n<p><\/p>\n<p><strong>Bildunterschrift 1:<\/strong> Im Inneren des luxuri\u00f6sen Auditoriums, wo Bose Professional Die Audioqualit\u00e4t ist durchgehend hervorragend.<\/p>\n<p><\/p>\n<p><\/p>\n<p><strong>Fotodatei 2:<\/strong> BoseProfessional_LCPackaging VB1 Konferenzraum.jpg<\/p>\n<p><\/p>\n<p><\/p>\n<p><strong>Bildunterschrift 2:<\/strong> Einer der zahlreichen Gesch\u00e4ftsr\u00e4ume, die transparente Technologie nutzen und so f\u00fcr optimale Klangqualit\u00e4t sorgen.<\/p>\n<p><\/p>\n<p><\/p>\n<p><strong>Fotodatei 3:<\/strong> BoseProfessional_LCPackaging HQ.jpg<\/p>\n<p><\/p>\n<p><\/p>\n<p><strong>Bildunterschrift 3:<\/strong> Bose Professional Videobar VB1 Erm\u00f6glicht m\u00fchelose Zusammenarbeit f\u00fcr hohe Produktivit\u00e4t bei LC Packaging.<\/p>\n<p><\/p>\n<p><\/p>\n<div class=\"{gcl}\"><\/div>\n<p><\/p>\n<p><\/p>\n<p class=\"bp_mar-btm-0 {gcl}\"><strong><strong>Um Bose Professional<\/strong><\/strong><\/p>\n<p><\/p>\n<p><\/p>\n<p class=\"{gcl}\"><br><\/p>\n<p><\/p>\n<p><\/p>\n<div class=\"{gcl}\"><\/div>\n<p><\/p>\n<p><\/p>\n<p class=\"{gcl}\"><strong>Bose Medienkontakt:<\/strong><\/p>\n<p><\/p>\n<p><\/p>\n<p class=\"{gcl}\">Bose Professional<\/p>\n<p><\/p>\n<p><\/p>\n<p class=\"{gcl}\">+49\u00a0(0)6172\u00a07104-751<\/p>\n<p><\/p>\n<p><\/p>\n<div class=\"{gcl}\"><br>\n<a class=\"{gcl} cc-btn {currentpageclass=static=mailto:boseprofessional@boseprofessional.com}\" href=\"mailto:boseprofessional@boseprofessional.com\">BoseProfessional@boseprofessional.com<\/a><br>\n<p><\/p>\n<p><\/p>\n<div class=\"{gcl}\"><\/div>\n<p><\/p>\n<p><br>\n<a class=\"button-c476016 {gcl} cc-btn {currentpageclass=static=\/en-us}\" href=\"\/de\/en-us\/\">https:\/\/www.boseprofessional.com<\/a><br>\n<\/p><\/div>\n<p><\/p>\t\t\t\t\t\t\t\t<\/div>\n\t\t\t\t<\/div>\n\t\t\t\t\t<\/div>\n\t\t\t\t<\/div>\n\t\t\t\t<\/div>\n\t\t","protected":false},"featured_media":82669,"template":"","format":"standard","class_list":["post-5462","pressroom","type-pressroom","status-publish","format-standard","has-post-thumbnail","hentry"],"acf":[],"_links":{"self":[{"href":"https:\/\/boseprofessional.com\/de\/wp-json\/wp\/v2\/pressroom\/5462","targetHints":{"allow":["GET"]}}],"collection":[{"href":"https:\/\/boseprofessional.com\/de\/wp-json\/wp\/v2\/pressroom"}],"about":[{"href":"https:\/\/boseprofessional.com\/de\/wp-json\/wp\/v2\/types\/pressroom"}],"version-history":[{"count":3,"href":"https:\/\/boseprofessional.com\/de\/wp-json\/wp\/v2\/pressroom\/5462\/revisions"}],"predecessor-version":[{"id":150715,"href":"https:\/\/boseprofessional.com\/de\/wp-json\/wp\/v2\/pressroom\/5462\/revisions\/150715"}],"wp:featuredmedia":[{"embeddable":true,"href":"https:\/\/boseprofessional.com\/de\/wp-json\/wp\/v2\/media\/82669"}],"wp:attachment":[{"href":"https:\/\/boseprofessional.com\/de\/wp-json\/wp\/v2\/media?parent=5462"}],"curies":[{"name":"wp","href":"https:\/\/api.w.org\/{rel}","templated":true}]}}