{"id":170396,"date":"2025-10-08T19:31:17","date_gmt":"2025-10-08T19:31:17","guid":{"rendered":"https:\/\/boseprofessional.com\/?post_type=pressroom&#038;p=170396"},"modified":"2025-10-28T13:00:01","modified_gmt":"2025-10-28T13:00:01","slug":"bose-professional-announces-key-leadership-promotions","status":"publish","type":"pressroom","link":"https:\/\/boseprofessional.com\/de\/company\/newsroom\/2025\/bose-professional-announces-key-leadership-promotions\/","title":{"rendered":"Bose Professional Announces Key Leadership Promotions to Accelerate Innovation and Global Growth"},"content":{"rendered":"\t\t<div data-elementor-type=\"wp-post\" data-elementor-id=\"170396\" class=\"elementor elementor-170396\" data-elementor-post-type=\"pressroom\">\n\t\t\t\t<div data-particle_enable=\"false\" data-particle-mobile-disabled=\"false\" class=\"elementor-element elementor-element-3a65e3b9 e-flex e-con-boxed e-con e-parent\" data-id=\"3a65e3b9\" data-element_type=\"container\">\n\t\t\t\t\t<div class=\"e-con-inner\">\n\t\t\t\t<div class=\"elementor-element elementor-element-67fbf26d elementor-widget elementor-widget-text-editor\" data-id=\"67fbf26d\" data-element_type=\"widget\" data-widget_type=\"text-editor.default\">\n\t\t\t\t<div class=\"elementor-widget-container\">\n\t\t\t\t\t\t\t\t\t<p><strong>Boston, MA \u2013 8. Oktober 2025<\/strong> \u2013 <a href=\"https:\/\/boseprofessional.com\/de\/?utm_campaign=key_leader_promotions_pr&amp;utm_medium=owned_pr&amp;utm_source=press_release&amp;utm_term=awareness&amp;utm_content=fy26_key_leasdership_press_release&amp;utm_geography=global&amp;utm_product=multiple_products\">Bose Professional<\/a> , ein weltweit f\u00fchrender Anbieter professioneller Audiol\u00f6sungen, gab heute die Bef\u00f6rderung von Matt Calhoun zum Chief Operating Officer und von Shawn Watts zum Vice President of Product mit sofortiger Wirkung bekannt. Diese strategischen Personalentscheidungen unterstreichen das kontinuierliche Engagement des Unternehmens f\u00fcr Innovation, Agilit\u00e4t und kundenorientierte Exzellenz, w\u00e4hrend es auf seiner <a href=\"https:\/\/boseprofessional.com\/de\/meet-the-new-bose-professional\/?utm_campaign=key_leader_promotions_pr&amp;utm_medium=owned_pr&amp;utm_source=press_release&amp;utm_term=awareness&amp;utm_content=fy26_key_leasdership_press_release&amp;utm_geography=global&amp;utm_product=multiple_products\">50-j\u00e4hrigen Tradition<\/a> aufbaut und seinen neu ausgerichteten, unabh\u00e4ngigen Ansatz weiter st\u00e4rkt.<\/p>\n<p>Matt Calhoun war eine treibende Kraft bei Bose Professional Seit \u00fcber zwei Jahrzehnten pr\u00e4gt er die Identit\u00e4t des Unternehmens und begleitet dessen Transformation zu einem vollst\u00e4ndig unabh\u00e4ngigen Unternehmen. \u201eMatt hat das Beste unserer Tradition bewahrt und gleichzeitig die Agilit\u00e4t eines Startups gef\u00f6rdert\u201c, sagte John Maier, CEO von Bose Professional \u201eSeine F\u00fchrungsrolle war ma\u00dfgeblich f\u00fcr den Wiederaufbau unserer Gesch\u00e4ftst\u00e4tigkeit und die Positionierung f\u00fcr langfristigen Erfolg.\u201c Als COO wird Calhoun die globalen Abl\u00e4ufe verantworten und weiterhin Initiativen vorantreiben, die Geschwindigkeit, Effizienz und Kundenzufriedenheit steigern. \u201eWir haben unsere Basis neu geschaffen, um unsere Kunden besser denn je zu bedienen\u201c, sagte Calhoun. \u201eIch f\u00fchle mich geehrt, dieses n\u00e4chste Kapitel des Wachstums und der Innovation mitgestalten zu d\u00fcrfen.\u201c<\/p>\n<p>Shawn Watts, der jetzt Vizepr\u00e4sident f\u00fcr Produktentwicklung ist, bringt \u00fcber sieben Jahre Erfahrung mit bei Bose Professional Neben seiner einzigartigen Perspektive, die er sowohl als Kunde als auch als Wettbewerber gewonnen hat, hat Shawn ma\u00dfgeblich dazu beigetragen, unsere Produktvision und Roadmap neu zu definieren\u201c, sagte Maier. \u201eJetzt leitet er die Umsetzung, die dieses Versprechen einl\u00f6sen wird.\u201c Watts wird die Produktstrategie, -entwicklung und das Lifecycle-Management des wachsenden Produktportfolios verantworten. \u201eWir entwickeln bessere Tools und Systeme f\u00fcr all jene, die t\u00e4glich Audiosysteme gestalten, planen, installieren und betreiben\u201c, sagte Watts. \u201eIch freue mich darauf, diese Vision mit Kreativit\u00e4t und Engagement zum Leben zu erwecken.\u201c<\/p>\n<p>Seit 2023 ist das Unternehmen unabh\u00e4ngig. Bose Professional konzentriert sich nun ausschlie\u00dflich auf den professionellen Audiomarkt. Das Unternehmen hat seine Abl\u00e4ufe grundlegend reorganisiert und gleichzeitig global expandiert, \u00fcber ein Dutzend neue Niederlassungen er\u00f6ffnet und in nur zwei Jahren mehr als 20 neue Produkte auf den Markt gebracht. Integratoren, Berater und Designer weltweit vertrauen auf das Unternehmen. Bose Professional liefert weiterhin innovative L\u00f6sungen und hat in diesem Jahr mehrere preisgekr\u00f6nte Produkte wie <a href=\"https:\/\/boseprofessional.com\/de\/solutions\/edgemax-proprietary-directional-loudspeakers\/?utm_campaign=key_leader_promotions_pr&amp;utm_medium=owned_pr&amp;utm_source=press_release&amp;utm_term=awareness&amp;utm_content=fy26_key_leasdership_press_release&amp;utm_geography=global&amp;utm_product=multiple_products\">EdgeMax ,<\/a> <a href=\"https:\/\/boseprofessional.com\/de\/solutions\/forum-full-range-point-source-coaxial-loudspeaker\/?utm_campaign=key_leader_promotions_pr&amp;utm_medium=owned_pr&amp;utm_source=press_release&amp;utm_term=awareness&amp;utm_content=fy26_key_leasdership_press_release&amp;utm_geography=global&amp;utm_product=multiple_products\">Forum<\/a> und <a href=\"https:\/\/boseprofessional.com\/de\/solutions\/veritas-smart-mixer-amplifier-series\/?utm_campaign=key_leader_promotions_pr&amp;utm_medium=owned_pr&amp;utm_source=press_release&amp;utm_term=awareness&amp;utm_content=fy26_key_leasdership_press_release&amp;utm_geography=global&amp;utm_product=multiple_products\">Veritas<\/a> auf den Markt gebracht, die eine kundenorientierte Denkweise und neue Energie widerspiegeln.<\/p>\n<p>\u00a0<\/p>\n<p><!-- \/wp:paragraph --><!-- wp:paragraph {\"fontSize\":\"small\"} --><\/p>\n<p class=\"has-small-font-size\"><strong>Medienkontakt:<\/strong> <br \/>Bose Professional<br \/> <a href=\"mailto:BoseProfessional@boseprofessional.com\">BoseProfessional@boseprofessional.com<br \/><\/a> <a href=\"https:\/\/www.boseprofessional.com\">BoseProfessional.com<\/a><\/p>\n<p><!-- \/wp:paragraph --><\/p>\n<p><!-- wp:paragraph {\"fontSize\":\"small\"} --><\/p>\n<p class=\"has-small-font-size\"><strong>\u00dcber Bose Professional:<\/strong> <br>Bose Professional erm\u00f6glicht herausragende Audioerlebnisse in jedem Raum. Basierend auf der \u00dcberzeugung, dass Innovation mit Forschung beginnt, vereint unser Team Leidenschaft und Engagement mit umfangreichem Expertenwissen und Erfindergeist, um leistungsstarke Audiol\u00f6sungen f\u00fcr besseren Sound und bessere Erlebnisse in gewerblichen R\u00e4umlichkeiten zu entwickeln. Von Hotels und Restaurants bis hin zu Gebetsst\u00e4tten, Universit\u00e4ten und Einzelhandelsgesch\u00e4ften \u2013 unsere Systeme stehen seit jeher f\u00fcr h\u00f6chste Leistung und sind einfach zu entwerfen, zu installieren und zu bedienen. Seit mehr als 50 Jahren arbeiten wir mit Systemintegratoren, Installationsunternehmen und Fachplanern weltweit zusammen, um unvergessliche Audioerlebnisse zu schaffen \u2013 und wir haben noch viel vor.<\/p>\n<p><!-- \/wp:paragraph --><\/p>\t\t\t\t\t\t\t\t<\/div>\n\t\t\t\t<\/div>\n\t\t\t\t\t<\/div>\n\t\t\t\t<\/div>\n\t\t\t\t<\/div>\n\t\t","protected":false},"featured_media":171373,"template":"","format":"standard","class_list":["post-170396","pressroom","type-pressroom","status-publish","format-standard","has-post-thumbnail","hentry"],"acf":[],"_links":{"self":[{"href":"https:\/\/boseprofessional.com\/de\/wp-json\/wp\/v2\/pressroom\/170396","targetHints":{"allow":["GET"]}}],"collection":[{"href":"https:\/\/boseprofessional.com\/de\/wp-json\/wp\/v2\/pressroom"}],"about":[{"href":"https:\/\/boseprofessional.com\/de\/wp-json\/wp\/v2\/types\/pressroom"}],"version-history":[{"count":3,"href":"https:\/\/boseprofessional.com\/de\/wp-json\/wp\/v2\/pressroom\/170396\/revisions"}],"predecessor-version":[{"id":171391,"href":"https:\/\/boseprofessional.com\/de\/wp-json\/wp\/v2\/pressroom\/170396\/revisions\/171391"}],"wp:featuredmedia":[{"embeddable":true,"href":"https:\/\/boseprofessional.com\/de\/wp-json\/wp\/v2\/media\/171373"}],"wp:attachment":[{"href":"https:\/\/boseprofessional.com\/de\/wp-json\/wp\/v2\/media?parent=170396"}],"curies":[{"name":"wp","href":"https:\/\/api.w.org\/{rel}","templated":true}]}}