{"id":163678,"date":"2025-06-10T21:05:20","date_gmt":"2025-06-10T21:05:20","guid":{"rendered":"https:\/\/boseprofessional.com\/?post_type=pressroom&#038;p=163678"},"modified":"2025-06-20T14:39:00","modified_gmt":"2025-06-20T14:39:00","slug":"infocomm-2025-press-release","status":"publish","type":"pressroom","link":"https:\/\/boseprofessional.com\/de\/company\/newsroom\/2025\/infocomm-2025-press-release\/","title":{"rendered":"Bose Professional Celebrates Independence and Innovation at InfoComm 2025"},"content":{"rendered":"\t\t<div data-elementor-type=\"wp-post\" data-elementor-id=\"163678\" class=\"elementor elementor-163678\" data-elementor-post-type=\"pressroom\">\n\t\t\t\t<div data-particle_enable=\"false\" data-particle-mobile-disabled=\"false\" class=\"elementor-element elementor-element-3a65e3b9 e-flex e-con-boxed e-con e-parent\" data-id=\"3a65e3b9\" data-element_type=\"container\">\n\t\t\t\t\t<div class=\"e-con-inner\">\n\t\t\t\t<div class=\"elementor-element elementor-element-67fbf26d elementor-widget elementor-widget-text-editor\" data-id=\"67fbf26d\" data-element_type=\"widget\" data-widget_type=\"text-editor.default\">\n\t\t\t\t<div class=\"elementor-widget-container\">\n\t\t\t\t\t\t\t\t\t<p><\/p>\n<p><strong>HOPKINTON, Massachusetts \u2013 11. Juni 2025<\/strong> \u2013 <a href=\"https:\/\/boseprofessional.com\/de\/?utm_campaign=infocomm_2025&amp;utm_medium=owned_pr&amp;utm_source=press_release&amp;utm_term=awareness&amp;utm_content=fy26_press_releases&amp;utm_geography=global&amp;utm_product=multiple_products\">Bose Professional<\/a> , Entwickler erstklassiger Audioerlebnisse f\u00fcr jeden Raum, feiert sein zweij\u00e4hriges Bestehen als unabh\u00e4ngiges Unternehmen mit der R\u00fcckkehr zur <a href=\"https:\/\/www.infocommshow.org\/\" target=\"_blank\" rel=\"noopener\">InfoComm 2025,<\/a> der gr\u00f6\u00dften Fachmesse f\u00fcr professionelle audiovisuelle Technik in Nordamerika. Das Unternehmen pr\u00e4sentiert seine meistverkauften Hardware- und Softwarel\u00f6sungen und gibt einen ersten Einblick in neue Produkte am Stand 6361 in der Audio Hall des Orange County Convention Center in Orlando, Florida, vom 11. bis 13. Juni 2025.<\/p>\n<p>Zu den auf der Messe vorgestellten neuen L\u00f6sungen geh\u00f6ren die preisgekr\u00f6nte <a href=\"https:\/\/boseprofessional.com\/de\/solutions\/veritas-smart-mixer-amplifier-series\/?utm_campaign=infocomm_2025&amp;utm_medium=owned_pr&amp;utm_source=press_release&amp;utm_term=awareness&amp;utm_content=fy26_press_releases&amp;utm_geography=global&amp;utm_product=multiple_products\">Veritas<\/a> -Produktlinie intelligenter Mischverst\u00e4rker und die Forum Serie von Hochleistungslautsprechern. Veritas Die neue <a href=\"https:\/\/boseprofessional.com\/de\/solutions\/forum-full-range-point-source-coaxial-loudspeaker\/?utm_campaign=infocomm_2025&amp;utm_medium=owned_pr&amp;utm_source=press_release&amp;utm_term=awareness&amp;utm_content=fy26_press_releases&amp;utm_geography=global&amp;utm_product=multiple_products\">Forum<\/a> Serie, die k\u00fcrzlich auf <a href=\"https:\/\/www.iseurope.org\/\" target=\"_blank\" rel=\"noopener\">der ISE 2025<\/a> mit den Preisen <a href=\"https:\/\/www.ravepubs.com\/ise-2025-best-innovations-award-winners\/\" target=\"_blank\" rel=\"noopener\">\u201eBestes neues Audioprodukt\u201c<\/a> und <a href=\"https:\/\/www.avnetwork.com\/news\/winners-announced-for-best-of-show-at-integrated-systems-europe-2025-for-av-technology\" target=\"_blank\" rel=\"noopener\">\u201eBest of Show\u201c<\/a> ausgezeichnet wurde, bietet au\u00dfergew\u00f6hnliche Klangklarheit und intuitive Bedienung f\u00fcr Hintergrundmusik, Durchsagen und Multimedia-Anwendungen. Sie \u00fcbertrifft alle Erwartungen und liefert \u00fcberraschend hohe Klangtreue und Leistung in einem kompakten, installationsfreundlichen Geh\u00e4use \u2013 eine Performance, die in dieser Gr\u00f6\u00dfen- und Preisklasse selten zu finden ist.<\/p>\n<p>Besucher von Bose Professional Am Stand von [Name des Unternehmens] wird au\u00dferdem der <a href=\"https:\/\/boseprofessional.com\/de\/infocomm\/?utm_campaign=infocomm_2025&amp;utm_medium=owned_pr&amp;utm_source=press_release&amp;utm_term=awareness&amp;utm_content=fy26_press_releases&amp;utm_geography=global&amp;utm_product=multiple_products\">DesignMax Luna DML88P<\/a> vorgestellt, ein H\u00e4ngelautsprechersystem mit erweitertem Frequenzgang, das im Laufe des Jahres auf den Markt kommt. Es wurde entwickelt, um einen tiefen, klaren Klang bis hinunter zu 40 Hz mit ausgewogener 360\u00b0-Abdeckung zu liefern \u2013 selbst in akustisch anspruchsvollen R\u00e4umen mit offener Decke. Ideal f\u00fcr Einzelhandelsgesch\u00e4fte, Restaurants, Brauereien und Fitnessstudios. Luna Verbindet eine elegante \u00c4sthetik mit einer propriet\u00e4ren Ringanordnung aus acht 2-Zoll-Tieft\u00f6nern und einem integrierten 8-Zoll-Tieft\u00f6ner \u2013 wodurch die Anzahl der Lautsprecher reduziert, gleichzeitig aber die Abdeckung und Klarheit verbessert werden.<\/p>\n<p>Bose Professional Au\u00dferdem werden die neuesten Erg\u00e4nzungen der <a href=\"https:\/\/boseprofessional.com\/de\/solutions\/edgemax-proprietary-directional-loudspeakers\/?utm_campaign=infocomm_2025&amp;utm_medium=owned_pr&amp;utm_source=press_release&amp;utm_term=awareness&amp;utm_content=fy26_press_releases&amp;utm_geography=global&amp;utm_product=multiple_products\">EdgeMax<\/a> und <a href=\"https:\/\/boseprofessional.com\/de\/solutions\/amu-multi-use-loudspeaker-series\/?utm_campaign=infocomm_2025&amp;utm_medium=owned_pr&amp;utm_source=press_release&amp;utm_term=awareness&amp;utm_content=fy26_press_releases&amp;utm_geography=global&amp;utm_product=multiple_products\">AMU<\/a> Lautsprecherfamilien, Software-Updates f\u00fcr <a href=\"https:\/\/boseprofessional.com\/de\/solutions\/powersharex-smart-power-amplifiers\/?utm_campaign=infocomm_2025&amp;utm_medium=owned_pr&amp;utm_source=press_release&amp;utm_term=awareness&amp;utm_content=fy26_press_releases&amp;utm_geography=global&amp;utm_product=multiple_products\">PowerShareX<\/a> Verst\u00e4rker und das <a href=\"https:\/\/boseprofessional.com\/de\/solutions\/controlspace-ecosystem\/?utm_campaign=infocomm_2025&amp;utm_medium=owned_pr&amp;utm_source=press_release&amp;utm_term=awareness&amp;utm_content=fy26_press_releases&amp;utm_geography=global&amp;utm_product=multiple_products\">ControlSpace \u00d6kosystem<\/a> \u2013 einschlie\u00dflich der <a href=\"https:\/\/boseprofessional.com\/de\/products\/software\/system-design-control\/controlspace-cloud\/?utm_campaign=infocomm_2025&amp;utm_medium=owned_pr&amp;utm_source=press_release&amp;utm_term=awareness&amp;utm_content=fy26_press_releases&amp;utm_geography=global&amp;utm_product=multiple_products\">ControlSpace Cloud Plattform<\/a> \u2013 sowie die meistverkauften Modelle von [Markenname einf\u00fcgen] pr\u00e4sentiert. DesignMax , FreeSpace , S1- und F1-Familien von <a href=\"https:\/\/boseprofessional.com\/de\/product-category\/loudspeakers\/pendant-mount\/?utm_campaign=infocomm_2025&amp;utm_medium=owned_pr&amp;utm_source=press_release&amp;utm_term=awareness&amp;utm_content=fy26_press_releases&amp;utm_geography=global&amp;utm_product=multiple_products\">H\u00e4nge-<\/a> , <a href=\"https:\/\/boseprofessional.com\/de\/product-category\/loudspeakers\/surface-mount\/?utm_campaign=infocomm_2025&amp;utm_medium=owned_pr&amp;utm_source=press_release&amp;utm_term=awareness&amp;utm_content=fy26_press_releases&amp;utm_geography=global&amp;utm_product=multiple_products\">Aufbau-<\/a> , <a href=\"https:\/\/boseprofessional.com\/de\/product-category\/loudspeakers\/ceiling-mount\/?utm_campaign=infocomm_2025&amp;utm_medium=owned_pr&amp;utm_source=press_release&amp;utm_term=awareness&amp;utm_content=fy26_press_releases&amp;utm_geography=global&amp;utm_product=multiple_products\">Decken-<\/a> und <a href=\"https:\/\/boseprofessional.com\/de\/product-category\/portable-pa\/?utm_campaign=infocomm_2025&amp;utm_medium=owned_pr&amp;utm_source=press_release&amp;utm_term=awareness&amp;utm_content=fy26_press_releases&amp;utm_geography=global&amp;utm_product=multiple_products\">tragbaren<\/a> Lautsprechern.<\/p>\n<p>\u201eW\u00e4hrend wir unseren Kurs als unabh\u00e4ngiges Unternehmen weiter verfolgen, wird unsere Pr\u00e4senz bei InfoComm stellt einen aufregenden Meilenstein dar f\u00fcr Bose Professional \u201eEine Zukunft, die von Innovation, Dynamik und vertiefter Zusammenarbeit gepr\u00e4gt ist\u201c, sagte Jim Schanz, Vice President of Sales, Americas. \u201eDie Auswahl an neuen und preisgekr\u00f6nten Produkten, die wir auf der Messe pr\u00e4sentieren und vorstellen, ist spannend, vielf\u00e4ltig und wurde entwickelt, um die h\u00e4ufigsten Probleme unserer Kunden zu l\u00f6sen. Es sind Gespr\u00e4che wie die, die wir auf der Messe f\u00fchren.\u201c InfoComm Diese Art der Produktzusammenarbeit und Partnerschaft ist der Motor f\u00fcr unser Wachstum. Als unabh\u00e4ngiges Unternehmen wachsen wir rasant und setzen dabei auf den richtigen Weg: durch Zuh\u00f6ren, Probleml\u00f6sung und den Aufbau langfristiger Beziehungen.\u201c<\/p>\n<p>Forum , EdgeMax und das neue DesignMax Luna Lautsprecher \u2013 betrieben von Veritas Und PowerShareX Die Verst\u00e4rker werden im Rahmen geplanter Vorf\u00fchrungen w\u00e4hrend der gesamten Messe im Demoraum W224D, nur wenige Gehminuten von der Messe entfernt, pr\u00e4sentiert. Bose Professional Der Stand von [Name] in der Audiohalle. Am Donnerstag, den 12. Juni. Bose Professional Au\u00dferdem werden zwei einst\u00fcndige Schulungen angeboten: \u201eDesign to Impress\u201c um 11 Uhr und \u201eCreating Modular Training Programs for Diverse Audiences\u201c um 12 Uhr. Die Teilnehmer k\u00f6nnen sich am Stand f\u00fcr die Schulungen anmelden.<\/p>\n<p>Weitere Informationen finden Sie unter Bose Professional Produkte finden Sie auf <a href=\"https:\/\/boseprofessional.com\/de\/?utm_campaign=infocomm_2025&amp;utm_medium=owned_pr&amp;utm_source=press_release&amp;utm_term=awareness&amp;utm_content=fy26_press_releases&amp;utm_geography=global&amp;utm_product=multiple_products\">BoseProfessional.com<\/a> .<\/p>\n<p><span data-ccp-props=\"{&quot;134233117&quot;:false,&quot;134233118&quot;:false,&quot;201341983&quot;:0,&quot;335551550&quot;:1,&quot;335551620&quot;:1,&quot;335559685&quot;:0,&quot;335559737&quot;:0,&quot;335559738&quot;:0,&quot;335559739&quot;:0,&quot;335559740&quot;:279}\">\u00a0<\/span><\/p>\n<p><\/p>\n<p class=\"has-small-font-size\"><strong>Medienkontakt:<\/strong> <br \/>Bose Professional<br \/> <a href=\"mailto:BoseProfessional@boseprofessional.com\">BoseProfessional@boseprofessional.com<br \/><\/a> <a href=\"https:\/\/www.boseprofessional.com\">BoseProfessional.com<\/a><\/p>\n<p><\/p>\t\t\t\t\t\t\t\t<\/div>\n\t\t\t\t<\/div>\n\t\t\t\t\t<\/div>\n\t\t\t\t<\/div>\n\t\t\t\t<\/div>\n\t\t","protected":false},"featured_media":163680,"template":"","format":"standard","class_list":["post-163678","pressroom","type-pressroom","status-publish","format-standard","has-post-thumbnail","hentry"],"acf":[],"_links":{"self":[{"href":"https:\/\/boseprofessional.com\/de\/wp-json\/wp\/v2\/pressroom\/163678","targetHints":{"allow":["GET"]}}],"collection":[{"href":"https:\/\/boseprofessional.com\/de\/wp-json\/wp\/v2\/pressroom"}],"about":[{"href":"https:\/\/boseprofessional.com\/de\/wp-json\/wp\/v2\/types\/pressroom"}],"version-history":[{"count":3,"href":"https:\/\/boseprofessional.com\/de\/wp-json\/wp\/v2\/pressroom\/163678\/revisions"}],"predecessor-version":[{"id":163686,"href":"https:\/\/boseprofessional.com\/de\/wp-json\/wp\/v2\/pressroom\/163678\/revisions\/163686"}],"wp:featuredmedia":[{"embeddable":true,"href":"https:\/\/boseprofessional.com\/de\/wp-json\/wp\/v2\/media\/163680"}],"wp:attachment":[{"href":"https:\/\/boseprofessional.com\/de\/wp-json\/wp\/v2\/media?parent=163678"}],"curies":[{"name":"wp","href":"https:\/\/api.w.org\/{rel}","templated":true}]}}