{"id":135766,"date":"2024-11-15T17:58:20","date_gmt":"2024-11-15T17:58:20","guid":{"rendered":"https:\/\/bosepro-dev-test.boseprofessional.com\/?post_type=pressroom&#038;p=135766"},"modified":"2024-11-15T17:58:20","modified_gmt":"2024-11-15T17:58:20","slug":"bose-professional-celebrates-global-expansion-with-dubai-office-grand-opening","status":"publish","type":"pressroom","link":"https:\/\/boseprofessional.com\/de\/company\/newsroom\/2024\/bose-professional-celebrates-global-expansion-with-dubai-office-grand-opening\/","title":{"rendered":"Bose Professional Celebrates Global Expansion with Dubai Office Grand Opening"},"content":{"rendered":"\r\n<p><strong>FRAMINGHAM, Massachusetts \u2013 15. November 2024 \u2013<\/strong> <a href=\"https:\/\/www.boseprofessional.com\/?utm_campaign=fy25%20press%20releases&amp;utm_medium=owned_pr&amp;utm_source=press%20release&amp;utm_term=awareness&amp;utm_content=tokyo%20office%20grand%20opening&amp;utm_geography=global\">Bose Professional ,<\/a> Entwickler von erstklassigen Audioerlebnissen, die jeden Raum verwandeln sollen, feierte k\u00fcrzlich die gro\u00dfe Er\u00f6ffnung eines neuen Vertriebsb\u00fcros und Erlebniszentrums in Dubai, Vereinigte Arabische Emirate, zusammen mit Branchenf\u00fchrern und Partnern aus der MEA-Region.<\/p>\r\n\r\n\r\n\r\n<p>Das B\u00fcro in Dubai ist der zehnte neue internationale Gesch\u00e4ftsstandort. Bose Professional wurde dieses Jahr er\u00f6ffnet, darunter neue B\u00fcros und Experience Center in London, Amsterdam, Frankfurt, Singapur, Peking, Shenzhen, Shanghai, Osaka und Tokio, und es ist geplant, ein neues Bose Professional Die globale Zentrale und das Erlebniszentrum werden Anfang n\u00e4chsten Jahres in Hopkinton, Massachusetts, er\u00f6ffnet.<\/p>\r\n\r\n\r\n\r\n<p>Das neue B\u00fcro befindet sich im schnell wachsenden Stadtteil Sharjah und ist bequem vom internationalen Flughafen Dubai aus zu erreichen. Es kombiniert elegante, moderne Gesch\u00e4ftsr\u00e4ume und Besprechungsr\u00e4ume mit einem Erlebniszentrum, das f\u00fcr Schulungs- und Demonstrationszwecke konzipiert wurde und \u2026 Bose Professional Das Sortiment umfasst Lautsprecher, Leistungsverst\u00e4rker, Prozessoren, Controller und Software. \u00a0<\/p>\r\n\r\n\r\n\r\n<p>Das Ganze Bose Professional Das EMEA-Team freute sich, am 7. November 2024 eine Er\u00f6ffnungsfeier auszurichten, an der CEO John Maier, Vice President International Sales Hans Vereecken, Director of Sales, EMEA, Nittin Dargan, sowie hochrangige G\u00e4ste, Branchenf\u00fchrer und gesch\u00e4tzte Partner teilnahmen. Die Veranstaltung umfasste Reden, bei denen Maier als Ehrengast fungierte, einen feierlichen Banddurchschnitt sowie Pr\u00e4sentationen und einen Imbiss.<\/p>\r\n\r\n\r\n\r\n<p>\u201eDas neue Bose Professional \u201eDas B\u00fcro- und Erlebniszentrum wird als regionales Zentrum dienen, um all unseren Distributoren, Systemintegratoren und Beratern innovative Audiol\u00f6sungen zu pr\u00e4sentieren\u201c, sagte Dargan. \u201eDie neuen R\u00e4umlichkeiten unterstreichen unser Engagement f\u00fcr die MEA-Region.\u201c Bose Professional Unser Team und unsere Vertriebspartner werden auch weiterhin daf\u00fcr sorgen, dass unsere Kunden erstklassige Produkte vor Ort erhalten.\u201c<\/p>\r\n\r\n\r\n\r\n<p>\u201eEs ist unsere Mission, unseren Kunden weltweit herausragende Audiol\u00f6sungen und -dienstleistungen anzubieten\u201c, sagte Maier. \u201eIch bin sehr stolz auf das, was wir erreicht haben.\u201c Bose Professional Das Team hier in Dubai und weltweit hat mit dem Erreichen dieser operativen Meilensteine in der Geschichte unseres Unternehmens Gro\u00dfartiges geleistet. Ich freue mich darauf, weitere Niederlassungen zu besuchen und weitere Er\u00f6ffnungen zu feiern, w\u00e4hrend wir unsere 50-j\u00e4hrige Partnerschaftstradition vertiefen und unser globales Unternehmen weiter ausbauen.\u201c<\/p>\r\n<p>Weitere Informationen finden Sie unter Bose Professional F\u00fcr weitere Produkte besuchen Sie <a href=\"https:\/\/www.boseprofessional.com\/\">BoseProfessional.com.<\/a><\/p>\r\n\r\n\r\n\r\n<p class=\"has-text-align-center\"># # #<\/p>\r\n\r\n\r\n\r\n<p><strong>Foto 1:<\/strong> Dubai Grand Opening Cake Cutting.jpg<\/p>\r\n\r\n\r\n\r\n<p><strong>Bildunterschrift:<\/strong> Pressemitteilung zum Anschneiden der Er\u00f6ffnungstorte in Dubai<\/p>\r\n\r\n\r\n\r\n<p class=\"bp_mar-btm-0 {gcl}\"><strong>Um Bose Professional<\/strong><\/p>\r\n\r\n\r\n\r\n<p class=\"{gcl}\"><br><\/p>\r\n\r\n\r\n\r\n<p class=\"{gcl}\"><strong>Medienkontakt:<\/strong><\/p>\r\n\r\n\r\n\r\n<p class=\"{gcl}\">Bose Professional<\/p>\r\n\r\n\r\n\r\n<p><a class=\"{gcl} cc-btn {currentpageclass=static=mailto:boseprofessional@boseprofessional.com}\" href=\"mailto:boseprofessional@boseprofessional.com\">BoseProfessional@boseprofessional.com<\/a><\/p>\r\n\r\n\r\n\r\n<div class=\"{gcl}\">\u00a0<\/div>\r\n\r\n\r\n\r\n<p><a class=\"button-c476016 {gcl} cc-btn {currentpageclass=static=\/en-us}\" href=\"\/de\/en-us\/\">https:\/\/www.boseprofessional.com<\/a><\/p>\r\n","protected":false},"featured_media":135770,"template":"","format":"standard","class_list":["post-135766","pressroom","type-pressroom","status-publish","format-standard","has-post-thumbnail","hentry"],"acf":[],"_links":{"self":[{"href":"https:\/\/boseprofessional.com\/de\/wp-json\/wp\/v2\/pressroom\/135766","targetHints":{"allow":["GET"]}}],"collection":[{"href":"https:\/\/boseprofessional.com\/de\/wp-json\/wp\/v2\/pressroom"}],"about":[{"href":"https:\/\/boseprofessional.com\/de\/wp-json\/wp\/v2\/types\/pressroom"}],"version-history":[{"count":2,"href":"https:\/\/boseprofessional.com\/de\/wp-json\/wp\/v2\/pressroom\/135766\/revisions"}],"predecessor-version":[{"id":135771,"href":"https:\/\/boseprofessional.com\/de\/wp-json\/wp\/v2\/pressroom\/135766\/revisions\/135771"}],"wp:featuredmedia":[{"embeddable":true,"href":"https:\/\/boseprofessional.com\/de\/wp-json\/wp\/v2\/media\/135770"}],"wp:attachment":[{"href":"https:\/\/boseprofessional.com\/de\/wp-json\/wp\/v2\/media?parent=135766"}],"curies":[{"name":"wp","href":"https:\/\/api.w.org\/{rel}","templated":true}]}}